{"id":35806,"date":"2016-10-17T16:11:50","date_gmt":"2016-10-17T16:11:50","guid":{"rendered":"http:\/\/16lo.tarman.pl\/?p=35806"},"modified":"2016-10-20T13:47:44","modified_gmt":"2016-10-20T13:47:44","slug":"dzien-edukacji-narodowej-4","status":"publish","type":"post","link":"http:\/\/16lo.tarman.pl\/?p=35806","title":{"rendered":"Dzie\u0144 Edukacji Narodowej"},"content":{"rendered":"<p style=\"text-align: justify;\">Dzie\u0144 Edukacji Narodowej to wyj\u0105tkowy dzie\u0144 dla ka\u017cdego z nas. To moment wa\u017cny zar\u00f3wno dla pracownik\u00f3w szkolnictwa, jak i dla uczni\u00f3w. To polskie \u015bwi\u0119to o\u015bwiaty i szkolnictwa upami\u0119tniaj\u0105ce rocznic\u0119 powstania Komisji Edukacji Narodowej, kt\u00f3ra zosta\u0142a utworzona z inicjatywy kr\u00f3la Stanis\u0142awa Augusta Poniatowskiego. Patrz\u0105c na karty historii naszego kraju, widzimy, i\u017c nie zawsze m\u0142odym ludziom by\u0142a dana mo\u017cliwo\u015b\u0107 edukacji. By\u0142y okresy, kiedy to nauczyciele w tajemnicy przekazywali swoj\u0105 wiedz\u0119! Dzi\u015b przyj\u015bcie do szko\u0142y to to nie tylko przywilej, ale i przyjemno\u015b\u0107, gdy\u017c zabawa by\u0142a przednia. W naszej szkole zorganizowano \u201edzie\u0144 marynarki\u201d, zgodnie z kt\u00f3rym ka\u017cdy ucze\u0144 musia\u0142 odznacza\u0107 si\u0119 galowym ubiorem, ale tak\u017ce pomys\u0142owymi dodatkami. Wszyscy mogli si\u0119 wykaza\u0107 oryginalno\u015bci\u0105 bior\u0105c udzia\u0142 w konkursie na najbardziej pomys\u0142ow\u0105 klas\u0119. Nagroda? Bonusy w postaci ocen z zachowania.<\/p>\n<p style=\"text-align: justify;\">Jest to r\u00f3wnie\u017c dzie\u0144 pozwalaj\u0105cy podsumowa\u0107 ca\u0142oroczn\u0105 prac\u0119 \u00a0belfr\u00f3w. Podczas akademii szkolnej Pani Dyrektor E. Witecka wr\u0119czy\u0142a nagrody dla zas\u0142u\u017conych nauczycieli oraz og\u0142osi\u0142a wyr\u00f3\u017cnionych Nagrod\u0105 Prezydenta. Wyr\u00f3\u017cnienia za osi\u0105gni\u0119cia dydaktyczno- wychowawcze z r\u0105k Pana Prezydenta R. Ciepieli otrzyma\u0142a Pani Dyrektor Ewa Witecka, p. Piotr Dusza, p. Mariola Koz\u0142ecka oraz p. Joanna Przygoda. Gratulujemy i \u017cyczymy dalszych sukces\u00f3w.<\/p>\n<p><strong><!-- index.php -->\n<div\n\tclass=\"ngg-galleryoverview ngg-ajax-pagination-none\"\n\tid=\"ngg-gallery-14f5b688e064e1124edb6a6f7928319d-1\">\n\n    \t<div class=\"slideshowlink\">\n        <a href='http:\/\/16lo.tarman.pl\/index.php\/nggallery\/slideshow?p=35806'>[Show slideshow]<\/a>\n\t\t\n\t<\/div>\n\t\t\t<!-- Thumbnails -->\n\t\t\t\t<div id=\"ngg-image-0\" class=\"ngg-gallery-thumbnail-box\" >\n\t\t\t\t        <div class=\"ngg-gallery-thumbnail\">\n            <a href=\"http:\/\/16lo.tarman.pl\/wp-content\/gallery\/dzien-edukacji-narodowej_1\/DSC6630.JPG\"\n               title=\"\"\n               data-src=\"http:\/\/16lo.tarman.pl\/wp-content\/gallery\/dzien-edukacji-narodowej_1\/DSC6630.JPG\"\n               data-thumbnail=\"http:\/\/16lo.tarman.pl\/wp-content\/gallery\/dzien-edukacji-narodowej_1\/thumbs\/thumbs_DSC6630.JPG\"\n               data-image-id=\"32591\"\n               data-title=\"SONY DSC\"\n               data-description=\"\"\n               data-image-slug=\"_dsc6630\"\n               class='thickbox' rel='14f5b688e064e1124edb6a6f7928319d'>\n                <img\n                    title=\"SONY DSC\"\n                    alt=\"SONY DSC\"\n                    src=\"http:\/\/16lo.tarman.pl\/wp-content\/gallery\/dzien-edukacji-narodowej_1\/thumbs\/thumbs_DSC6630.JPG\"\n                    width=\"120\"\n                    height=\"90\"\n                    style=\"max-width:100%;\"\n                \/>\n            <\/a>\n        <\/div>\n\t\t\t\t\t\t\t<\/div> \n\t\t\t\n                            \n\t\t\t\t<div id=\"ngg-image-1\" class=\"ngg-gallery-thumbnail-box\" >\n\t\t\t\t        <div class=\"ngg-gallery-thumbnail\">\n            <a href=\"http:\/\/16lo.tarman.pl\/wp-content\/gallery\/dzien-edukacji-narodowej_1\/DSC6631.JPG\"\n               title=\"\"\n               data-src=\"http:\/\/16lo.tarman.pl\/wp-content\/gallery\/dzien-edukacji-narodowej_1\/DSC6631.JPG\"\n               data-thumbnail=\"http:\/\/16lo.tarman.pl\/wp-content\/gallery\/dzien-edukacji-narodowej_1\/thumbs\/thumbs_DSC6631.JPG\"\n               data-image-id=\"32592\"\n               data-title=\"SONY DSC\"\n               data-description=\"\"\n               data-image-slug=\"_dsc6631\"\n               class='thickbox' rel='14f5b688e064e1124edb6a6f7928319d'>\n                <img\n                    title=\"SONY DSC\"\n                    alt=\"SONY DSC\"\n                    src=\"http:\/\/16lo.tarman.pl\/wp-content\/gallery\/dzien-edukacji-narodowej_1\/thumbs\/thumbs_DSC6631.JPG\"\n                    width=\"120\"\n                    height=\"90\"\n                    style=\"max-width:100%;\"\n                \/>\n            <\/a>\n        <\/div>\n\t\t\t\t\t\t\t<\/div> \n\t\t\t\n                            \n\t\t\t\t<div id=\"ngg-image-2\" class=\"ngg-gallery-thumbnail-box\" >\n\t\t\t\t        <div class=\"ngg-gallery-thumbnail\">\n            <a href=\"http:\/\/16lo.tarman.pl\/wp-content\/gallery\/dzien-edukacji-narodowej_1\/DSC6633.JPG\"\n               title=\"\"\n               data-src=\"http:\/\/16lo.tarman.pl\/wp-content\/gallery\/dzien-edukacji-narodowej_1\/DSC6633.JPG\"\n               data-thumbnail=\"http:\/\/16lo.tarman.pl\/wp-content\/gallery\/dzien-edukacji-narodowej_1\/thumbs\/thumbs_DSC6633.JPG\"\n               data-image-id=\"32593\"\n               data-title=\"SONY DSC\"\n               data-description=\"\"\n               data-image-slug=\"_dsc6633\"\n               class='thickbox' rel='14f5b688e064e1124edb6a6f7928319d'>\n                <img\n                    title=\"SONY DSC\"\n                    alt=\"SONY DSC\"\n                    src=\"http:\/\/16lo.tarman.pl\/wp-content\/gallery\/dzien-edukacji-narodowej_1\/thumbs\/thumbs_DSC6633.JPG\"\n                    width=\"120\"\n                    height=\"90\"\n                    style=\"max-width:100%;\"\n                \/>\n            <\/a>\n        <\/div>\n\t\t\t\t\t\t\t<\/div> \n\t\t\t\n                            \n\t\t\t\t<div id=\"ngg-image-3\" class=\"ngg-gallery-thumbnail-box\" >\n\t\t\t\t        <div class=\"ngg-gallery-thumbnail\">\n            <a href=\"http:\/\/16lo.tarman.pl\/wp-content\/gallery\/dzien-edukacji-narodowej_1\/DSC6634.JPG\"\n               title=\"\"\n               data-src=\"http:\/\/16lo.tarman.pl\/wp-content\/gallery\/dzien-edukacji-narodowej_1\/DSC6634.JPG\"\n               data-thumbnail=\"http:\/\/16lo.tarman.pl\/wp-content\/gallery\/dzien-edukacji-narodowej_1\/thumbs\/thumbs_DSC6634.JPG\"\n               data-image-id=\"32594\"\n               data-title=\"SONY DSC\"\n               data-description=\"\"\n               data-image-slug=\"_dsc6634\"\n               class='thickbox' rel='14f5b688e064e1124edb6a6f7928319d'>\n                <img\n                    title=\"SONY DSC\"\n                    alt=\"SONY DSC\"\n                    src=\"http:\/\/16lo.tarman.pl\/wp-content\/gallery\/dzien-edukacji-narodowej_1\/thumbs\/thumbs_DSC6634.JPG\"\n                    width=\"120\"\n                    height=\"90\"\n                    style=\"max-width:100%;\"\n                \/>\n            <\/a>\n        <\/div>\n\t\t\t\t\t\t\t<\/div> \n\t\t\t\n                            \n\t\t\t\t<div id=\"ngg-image-4\" class=\"ngg-gallery-thumbnail-box\" >\n\t\t\t\t        <div class=\"ngg-gallery-thumbnail\">\n            <a href=\"http:\/\/16lo.tarman.pl\/wp-content\/gallery\/dzien-edukacji-narodowej_1\/DSC6635.JPG\"\n               title=\"\"\n               data-src=\"http:\/\/16lo.tarman.pl\/wp-content\/gallery\/dzien-edukacji-narodowej_1\/DSC6635.JPG\"\n               data-thumbnail=\"http:\/\/16lo.tarman.pl\/wp-content\/gallery\/dzien-edukacji-narodowej_1\/thumbs\/thumbs_DSC6635.JPG\"\n               data-image-id=\"32595\"\n               data-title=\"SONY DSC\"\n               data-description=\"\"\n               data-image-slug=\"_dsc6635\"\n               class='thickbox' rel='14f5b688e064e1124edb6a6f7928319d'>\n                <img\n                    title=\"SONY DSC\"\n                    alt=\"SONY DSC\"\n                    src=\"http:\/\/16lo.tarman.pl\/wp-content\/gallery\/dzien-edukacji-narodowej_1\/thumbs\/thumbs_DSC6635.JPG\"\n                    width=\"120\"\n                    height=\"90\"\n                    style=\"max-width:100%;\"\n                \/>\n            <\/a>\n        <\/div>\n\t\t\t\t\t\t\t<\/div> \n\t\t\t\n                                    <br style=\"clear: both\" \/>\n                    \n\t\t\t\t<div id=\"ngg-image-5\" class=\"ngg-gallery-thumbnail-box\" >\n\t\t\t\t        <div class=\"ngg-gallery-thumbnail\">\n            <a href=\"http:\/\/16lo.tarman.pl\/wp-content\/gallery\/dzien-edukacji-narodowej_1\/DSC6636.JPG\"\n               title=\"\"\n               data-src=\"http:\/\/16lo.tarman.pl\/wp-content\/gallery\/dzien-edukacji-narodowej_1\/DSC6636.JPG\"\n               data-thumbnail=\"http:\/\/16lo.tarman.pl\/wp-content\/gallery\/dzien-edukacji-narodowej_1\/thumbs\/thumbs_DSC6636.JPG\"\n               data-image-id=\"32596\"\n               data-title=\"SONY DSC\"\n               data-description=\"\"\n               data-image-slug=\"_dsc6636\"\n               class='thickbox' rel='14f5b688e064e1124edb6a6f7928319d'>\n                <img\n                    title=\"SONY DSC\"\n                    alt=\"SONY DSC\"\n                    src=\"http:\/\/16lo.tarman.pl\/wp-content\/gallery\/dzien-edukacji-narodowej_1\/thumbs\/thumbs_DSC6636.JPG\"\n                    width=\"120\"\n                    height=\"90\"\n                    style=\"max-width:100%;\"\n                \/>\n            <\/a>\n        <\/div>\n\t\t\t\t\t\t\t<\/div> \n\t\t\t\n                            \n\t\t\t\t<div id=\"ngg-image-6\" class=\"ngg-gallery-thumbnail-box\" >\n\t\t\t\t        <div class=\"ngg-gallery-thumbnail\">\n            <a href=\"http:\/\/16lo.tarman.pl\/wp-content\/gallery\/dzien-edukacji-narodowej_1\/DSC6637.JPG\"\n               title=\"\"\n               data-src=\"http:\/\/16lo.tarman.pl\/wp-content\/gallery\/dzien-edukacji-narodowej_1\/DSC6637.JPG\"\n               data-thumbnail=\"http:\/\/16lo.tarman.pl\/wp-content\/gallery\/dzien-edukacji-narodowej_1\/thumbs\/thumbs_DSC6637.JPG\"\n               data-image-id=\"32597\"\n               data-title=\"SONY DSC\"\n               data-description=\"\"\n               data-image-slug=\"_dsc6637\"\n               class='thickbox' rel='14f5b688e064e1124edb6a6f7928319d'>\n                <img\n                    title=\"SONY DSC\"\n                    alt=\"SONY DSC\"\n                    src=\"http:\/\/16lo.tarman.pl\/wp-content\/gallery\/dzien-edukacji-narodowej_1\/thumbs\/thumbs_DSC6637.JPG\"\n                    width=\"120\"\n                    height=\"90\"\n                    style=\"max-width:100%;\"\n                \/>\n            <\/a>\n        <\/div>\n\t\t\t\t\t\t\t<\/div> \n\t\t\t\n                            \n\t\t\t\t<div id=\"ngg-image-7\" class=\"ngg-gallery-thumbnail-box\" >\n\t\t\t\t        <div class=\"ngg-gallery-thumbnail\">\n            <a href=\"http:\/\/16lo.tarman.pl\/wp-content\/gallery\/dzien-edukacji-narodowej_1\/DSC6638.JPG\"\n               title=\"\"\n               data-src=\"http:\/\/16lo.tarman.pl\/wp-content\/gallery\/dzien-edukacji-narodowej_1\/DSC6638.JPG\"\n               data-thumbnail=\"http:\/\/16lo.tarman.pl\/wp-content\/gallery\/dzien-edukacji-narodowej_1\/thumbs\/thumbs_DSC6638.JPG\"\n               data-image-id=\"32598\"\n               data-title=\"SONY DSC\"\n               data-description=\"\"\n               data-image-slug=\"_dsc6638\"\n               class='thickbox' rel='14f5b688e064e1124edb6a6f7928319d'>\n                <img\n                    title=\"SONY DSC\"\n                    alt=\"SONY DSC\"\n                    src=\"http:\/\/16lo.tarman.pl\/wp-content\/gallery\/dzien-edukacji-narodowej_1\/thumbs\/thumbs_DSC6638.JPG\"\n                    width=\"120\"\n                    height=\"90\"\n                    style=\"max-width:100%;\"\n                \/>\n            <\/a>\n        <\/div>\n\t\t\t\t\t\t\t<\/div> \n\t\t\t\n                            \n\t\t\t\t<div id=\"ngg-image-8\" class=\"ngg-gallery-thumbnail-box\" >\n\t\t\t\t        <div class=\"ngg-gallery-thumbnail\">\n            <a href=\"http:\/\/16lo.tarman.pl\/wp-content\/gallery\/dzien-edukacji-narodowej_1\/DSC6639.JPG\"\n               title=\"\"\n               data-src=\"http:\/\/16lo.tarman.pl\/wp-content\/gallery\/dzien-edukacji-narodowej_1\/DSC6639.JPG\"\n               data-thumbnail=\"http:\/\/16lo.tarman.pl\/wp-content\/gallery\/dzien-edukacji-narodowej_1\/thumbs\/thumbs_DSC6639.JPG\"\n               data-image-id=\"32599\"\n               data-title=\"SONY DSC\"\n               data-description=\"\"\n               data-image-slug=\"_dsc6639\"\n               class='thickbox' rel='14f5b688e064e1124edb6a6f7928319d'>\n                <img\n                    title=\"SONY DSC\"\n                    alt=\"SONY DSC\"\n                    src=\"http:\/\/16lo.tarman.pl\/wp-content\/gallery\/dzien-edukacji-narodowej_1\/thumbs\/thumbs_DSC6639.JPG\"\n                    width=\"120\"\n                    height=\"90\"\n                    style=\"max-width:100%;\"\n                \/>\n            <\/a>\n        <\/div>\n\t\t\t\t\t\t\t<\/div> \n\t\t\t\n                            \n\t\t\t\t<div id=\"ngg-image-9\" class=\"ngg-gallery-thumbnail-box\" >\n\t\t\t\t        <div class=\"ngg-gallery-thumbnail\">\n            <a href=\"http:\/\/16lo.tarman.pl\/wp-content\/gallery\/dzien-edukacji-narodowej_1\/DSC6641.JPG\"\n               title=\"\"\n               data-src=\"http:\/\/16lo.tarman.pl\/wp-content\/gallery\/dzien-edukacji-narodowej_1\/DSC6641.JPG\"\n               data-thumbnail=\"http:\/\/16lo.tarman.pl\/wp-content\/gallery\/dzien-edukacji-narodowej_1\/thumbs\/thumbs_DSC6641.JPG\"\n               data-image-id=\"32600\"\n               data-title=\"SONY DSC\"\n               data-description=\"\"\n               data-image-slug=\"_dsc6641\"\n               class='thickbox' rel='14f5b688e064e1124edb6a6f7928319d'>\n                <img\n                    title=\"SONY DSC\"\n                    alt=\"SONY DSC\"\n                    src=\"http:\/\/16lo.tarman.pl\/wp-content\/gallery\/dzien-edukacji-narodowej_1\/thumbs\/thumbs_DSC6641.JPG\"\n                    width=\"120\"\n                    height=\"90\"\n                    style=\"max-width:100%;\"\n                \/>\n            <\/a>\n        <\/div>\n\t\t\t\t\t\t\t<\/div> \n\t\t\t\n                                    <br style=\"clear: both\" \/>\n                    \n\t\t\t\t<div id=\"ngg-image-10\" class=\"ngg-gallery-thumbnail-box\" >\n\t\t\t\t        <div class=\"ngg-gallery-thumbnail\">\n            <a href=\"http:\/\/16lo.tarman.pl\/wp-content\/gallery\/dzien-edukacji-narodowej_1\/DSC6642.JPG\"\n               title=\"\"\n               data-src=\"http:\/\/16lo.tarman.pl\/wp-content\/gallery\/dzien-edukacji-narodowej_1\/DSC6642.JPG\"\n               data-thumbnail=\"http:\/\/16lo.tarman.pl\/wp-content\/gallery\/dzien-edukacji-narodowej_1\/thumbs\/thumbs_DSC6642.JPG\"\n               data-image-id=\"32601\"\n               data-title=\"SONY DSC\"\n               data-description=\"\"\n               data-image-slug=\"_dsc6642\"\n               class='thickbox' rel='14f5b688e064e1124edb6a6f7928319d'>\n                <img\n                    title=\"SONY DSC\"\n                    alt=\"SONY DSC\"\n                    src=\"http:\/\/16lo.tarman.pl\/wp-content\/gallery\/dzien-edukacji-narodowej_1\/thumbs\/thumbs_DSC6642.JPG\"\n                    width=\"120\"\n                    height=\"90\"\n                    style=\"max-width:100%;\"\n                \/>\n            <\/a>\n        <\/div>\n\t\t\t\t\t\t\t<\/div> \n\t\t\t\n                            \n\t\t\t\t<div id=\"ngg-image-11\" class=\"ngg-gallery-thumbnail-box\" >\n\t\t\t\t        <div class=\"ngg-gallery-thumbnail\">\n            <a href=\"http:\/\/16lo.tarman.pl\/wp-content\/gallery\/dzien-edukacji-narodowej_1\/DSC6643.JPG\"\n               title=\"\"\n               data-src=\"http:\/\/16lo.tarman.pl\/wp-content\/gallery\/dzien-edukacji-narodowej_1\/DSC6643.JPG\"\n               data-thumbnail=\"http:\/\/16lo.tarman.pl\/wp-content\/gallery\/dzien-edukacji-narodowej_1\/thumbs\/thumbs_DSC6643.JPG\"\n               data-image-id=\"32602\"\n               data-title=\"SONY DSC\"\n               data-description=\"\"\n               data-image-slug=\"_dsc6643\"\n               class='thickbox' rel='14f5b688e064e1124edb6a6f7928319d'>\n                <img\n                    title=\"SONY DSC\"\n                    alt=\"SONY DSC\"\n                    src=\"http:\/\/16lo.tarman.pl\/wp-content\/gallery\/dzien-edukacji-narodowej_1\/thumbs\/thumbs_DSC6643.JPG\"\n                    width=\"120\"\n                    height=\"90\"\n                    style=\"max-width:100%;\"\n                \/>\n            <\/a>\n        <\/div>\n\t\t\t\t\t\t\t<\/div> \n\t\t\t\n                            \n\t\t\t\t<div id=\"ngg-image-12\" class=\"ngg-gallery-thumbnail-box\" >\n\t\t\t\t        <div class=\"ngg-gallery-thumbnail\">\n            <a href=\"http:\/\/16lo.tarman.pl\/wp-content\/gallery\/dzien-edukacji-narodowej_1\/DSC6647.JPG\"\n               title=\"\"\n               data-src=\"http:\/\/16lo.tarman.pl\/wp-content\/gallery\/dzien-edukacji-narodowej_1\/DSC6647.JPG\"\n               data-thumbnail=\"http:\/\/16lo.tarman.pl\/wp-content\/gallery\/dzien-edukacji-narodowej_1\/thumbs\/thumbs_DSC6647.JPG\"\n               data-image-id=\"32603\"\n               data-title=\"SONY DSC\"\n               data-description=\"\"\n               data-image-slug=\"_dsc6647\"\n               class='thickbox' rel='14f5b688e064e1124edb6a6f7928319d'>\n                <img\n                    title=\"SONY DSC\"\n                    alt=\"SONY DSC\"\n                    src=\"http:\/\/16lo.tarman.pl\/wp-content\/gallery\/dzien-edukacji-narodowej_1\/thumbs\/thumbs_DSC6647.JPG\"\n                    width=\"120\"\n                    height=\"90\"\n                    style=\"max-width:100%;\"\n                \/>\n            <\/a>\n        <\/div>\n\t\t\t\t\t\t\t<\/div> \n\t\t\t\n                            \n\t\t\t\t<div id=\"ngg-image-13\" class=\"ngg-gallery-thumbnail-box\" >\n\t\t\t\t        <div class=\"ngg-gallery-thumbnail\">\n            <a href=\"http:\/\/16lo.tarman.pl\/wp-content\/gallery\/dzien-edukacji-narodowej_1\/DSC6648.JPG\"\n               title=\"\"\n               data-src=\"http:\/\/16lo.tarman.pl\/wp-content\/gallery\/dzien-edukacji-narodowej_1\/DSC6648.JPG\"\n               data-thumbnail=\"http:\/\/16lo.tarman.pl\/wp-content\/gallery\/dzien-edukacji-narodowej_1\/thumbs\/thumbs_DSC6648.JPG\"\n               data-image-id=\"32604\"\n               data-title=\"SONY DSC\"\n               data-description=\"\"\n               data-image-slug=\"_dsc6648\"\n               class='thickbox' rel='14f5b688e064e1124edb6a6f7928319d'>\n                <img\n                    title=\"SONY DSC\"\n                    alt=\"SONY DSC\"\n                    src=\"http:\/\/16lo.tarman.pl\/wp-content\/gallery\/dzien-edukacji-narodowej_1\/thumbs\/thumbs_DSC6648.JPG\"\n                    width=\"120\"\n                    height=\"90\"\n                    style=\"max-width:100%;\"\n                \/>\n            <\/a>\n        <\/div>\n\t\t\t\t\t\t\t<\/div> \n\t\t\t\n                            \n\t\t\t\t<div id=\"ngg-image-14\" class=\"ngg-gallery-thumbnail-box\" >\n\t\t\t\t        <div class=\"ngg-gallery-thumbnail\">\n            <a href=\"http:\/\/16lo.tarman.pl\/wp-content\/gallery\/dzien-edukacji-narodowej_1\/DSC6649.JPG\"\n               title=\"\"\n               data-src=\"http:\/\/16lo.tarman.pl\/wp-content\/gallery\/dzien-edukacji-narodowej_1\/DSC6649.JPG\"\n               data-thumbnail=\"http:\/\/16lo.tarman.pl\/wp-content\/gallery\/dzien-edukacji-narodowej_1\/thumbs\/thumbs_DSC6649.JPG\"\n               data-image-id=\"32605\"\n               data-title=\"SONY DSC\"\n               data-description=\"\"\n               data-image-slug=\"_dsc6649\"\n               class='thickbox' rel='14f5b688e064e1124edb6a6f7928319d'>\n                <img\n                    title=\"SONY DSC\"\n                    alt=\"SONY DSC\"\n                    src=\"http:\/\/16lo.tarman.pl\/wp-content\/gallery\/dzien-edukacji-narodowej_1\/thumbs\/thumbs_DSC6649.JPG\"\n                    width=\"120\"\n                    height=\"90\"\n                    style=\"max-width:100%;\"\n                \/>\n            <\/a>\n        <\/div>\n\t\t\t\t\t\t\t<\/div> \n\t\t\t\n                                    <br style=\"clear: both\" \/>\n                    \n\t\t\t\t<div id=\"ngg-image-15\" class=\"ngg-gallery-thumbnail-box\" >\n\t\t\t\t        <div class=\"ngg-gallery-thumbnail\">\n            <a href=\"http:\/\/16lo.tarman.pl\/wp-content\/gallery\/dzien-edukacji-narodowej_1\/DSC6650.JPG\"\n               title=\"\"\n               data-src=\"http:\/\/16lo.tarman.pl\/wp-content\/gallery\/dzien-edukacji-narodowej_1\/DSC6650.JPG\"\n               data-thumbnail=\"http:\/\/16lo.tarman.pl\/wp-content\/gallery\/dzien-edukacji-narodowej_1\/thumbs\/thumbs_DSC6650.JPG\"\n               data-image-id=\"32606\"\n               data-title=\"SONY DSC\"\n               data-description=\"\"\n               data-image-slug=\"_dsc6650\"\n               class='thickbox' rel='14f5b688e064e1124edb6a6f7928319d'>\n                <img\n                    title=\"SONY DSC\"\n                    alt=\"SONY DSC\"\n                    src=\"http:\/\/16lo.tarman.pl\/wp-content\/gallery\/dzien-edukacji-narodowej_1\/thumbs\/thumbs_DSC6650.JPG\"\n                    width=\"120\"\n                    height=\"90\"\n                    style=\"max-width:100%;\"\n                \/>\n            <\/a>\n        <\/div>\n\t\t\t\t\t\t\t<\/div> \n\t\t\t\n                            \n\t\t\t\t<div id=\"ngg-image-16\" class=\"ngg-gallery-thumbnail-box\" >\n\t\t\t\t        <div class=\"ngg-gallery-thumbnail\">\n            <a href=\"http:\/\/16lo.tarman.pl\/wp-content\/gallery\/dzien-edukacji-narodowej_1\/DSC6651.JPG\"\n               title=\"\"\n               data-src=\"http:\/\/16lo.tarman.pl\/wp-content\/gallery\/dzien-edukacji-narodowej_1\/DSC6651.JPG\"\n               data-thumbnail=\"http:\/\/16lo.tarman.pl\/wp-content\/gallery\/dzien-edukacji-narodowej_1\/thumbs\/thumbs_DSC6651.JPG\"\n               data-image-id=\"32607\"\n               data-title=\"SONY DSC\"\n               data-description=\"\"\n               data-image-slug=\"_dsc6651\"\n               class='thickbox' rel='14f5b688e064e1124edb6a6f7928319d'>\n                <img\n                    title=\"SONY DSC\"\n                    alt=\"SONY DSC\"\n                    src=\"http:\/\/16lo.tarman.pl\/wp-content\/gallery\/dzien-edukacji-narodowej_1\/thumbs\/thumbs_DSC6651.JPG\"\n                    width=\"120\"\n                    height=\"90\"\n                    style=\"max-width:100%;\"\n                \/>\n            <\/a>\n        <\/div>\n\t\t\t\t\t\t\t<\/div> \n\t\t\t\n                            \n\t\t\t\t<div id=\"ngg-image-17\" class=\"ngg-gallery-thumbnail-box\" >\n\t\t\t\t        <div class=\"ngg-gallery-thumbnail\">\n            <a href=\"http:\/\/16lo.tarman.pl\/wp-content\/gallery\/dzien-edukacji-narodowej_1\/DSC6652.JPG\"\n               title=\"\"\n               data-src=\"http:\/\/16lo.tarman.pl\/wp-content\/gallery\/dzien-edukacji-narodowej_1\/DSC6652.JPG\"\n               data-thumbnail=\"http:\/\/16lo.tarman.pl\/wp-content\/gallery\/dzien-edukacji-narodowej_1\/thumbs\/thumbs_DSC6652.JPG\"\n               data-image-id=\"32608\"\n               data-title=\"SONY DSC\"\n               data-description=\"\"\n               data-image-slug=\"_dsc6652\"\n               class='thickbox' rel='14f5b688e064e1124edb6a6f7928319d'>\n                <img\n                    title=\"SONY DSC\"\n                    alt=\"SONY DSC\"\n                    src=\"http:\/\/16lo.tarman.pl\/wp-content\/gallery\/dzien-edukacji-narodowej_1\/thumbs\/thumbs_DSC6652.JPG\"\n                    width=\"120\"\n                    height=\"90\"\n                    style=\"max-width:100%;\"\n                \/>\n            <\/a>\n        <\/div>\n\t\t\t\t\t\t\t<\/div> \n\t\t\t\n                            \n\t\t\t\t<div id=\"ngg-image-18\" class=\"ngg-gallery-thumbnail-box\" >\n\t\t\t\t        <div class=\"ngg-gallery-thumbnail\">\n            <a href=\"http:\/\/16lo.tarman.pl\/wp-content\/gallery\/dzien-edukacji-narodowej_1\/DSC6653.JPG\"\n               title=\"\"\n               data-src=\"http:\/\/16lo.tarman.pl\/wp-content\/gallery\/dzien-edukacji-narodowej_1\/DSC6653.JPG\"\n               data-thumbnail=\"http:\/\/16lo.tarman.pl\/wp-content\/gallery\/dzien-edukacji-narodowej_1\/thumbs\/thumbs_DSC6653.JPG\"\n               data-image-id=\"32609\"\n               data-title=\"SONY DSC\"\n               data-description=\"\"\n               data-image-slug=\"_dsc6653\"\n               class='thickbox' rel='14f5b688e064e1124edb6a6f7928319d'>\n                <img\n                    title=\"SONY DSC\"\n                    alt=\"SONY DSC\"\n                    src=\"http:\/\/16lo.tarman.pl\/wp-content\/gallery\/dzien-edukacji-narodowej_1\/thumbs\/thumbs_DSC6653.JPG\"\n                    width=\"120\"\n                    height=\"90\"\n                    style=\"max-width:100%;\"\n                \/>\n            <\/a>\n        <\/div>\n\t\t\t\t\t\t\t<\/div> \n\t\t\t\n                            \n\t\t\t\t<div id=\"ngg-image-19\" class=\"ngg-gallery-thumbnail-box\" >\n\t\t\t\t        <div class=\"ngg-gallery-thumbnail\">\n            <a href=\"http:\/\/16lo.tarman.pl\/wp-content\/gallery\/dzien-edukacji-narodowej_1\/DSC6654.JPG\"\n               title=\"\"\n               data-src=\"http:\/\/16lo.tarman.pl\/wp-content\/gallery\/dzien-edukacji-narodowej_1\/DSC6654.JPG\"\n               data-thumbnail=\"http:\/\/16lo.tarman.pl\/wp-content\/gallery\/dzien-edukacji-narodowej_1\/thumbs\/thumbs_DSC6654.JPG\"\n               data-image-id=\"32610\"\n               data-title=\"SONY DSC\"\n               data-description=\"\"\n               data-image-slug=\"_dsc6654\"\n               class='thickbox' rel='14f5b688e064e1124edb6a6f7928319d'>\n                <img\n                    title=\"SONY DSC\"\n                    alt=\"SONY DSC\"\n                    src=\"http:\/\/16lo.tarman.pl\/wp-content\/gallery\/dzien-edukacji-narodowej_1\/thumbs\/thumbs_DSC6654.JPG\"\n                    width=\"120\"\n                    height=\"90\"\n                    style=\"max-width:100%;\"\n                \/>\n            <\/a>\n        <\/div>\n\t\t\t\t\t\t\t<\/div> \n\t\t\t\n                                    <br style=\"clear: both\" \/>\n                    \n\t\t\t\t<div id=\"ngg-image-20\" class=\"ngg-gallery-thumbnail-box\" >\n\t\t\t\t        <div class=\"ngg-gallery-thumbnail\">\n            <a href=\"http:\/\/16lo.tarman.pl\/wp-content\/gallery\/dzien-edukacji-narodowej_1\/DSC6655.JPG\"\n               title=\"\"\n               data-src=\"http:\/\/16lo.tarman.pl\/wp-content\/gallery\/dzien-edukacji-narodowej_1\/DSC6655.JPG\"\n               data-thumbnail=\"http:\/\/16lo.tarman.pl\/wp-content\/gallery\/dzien-edukacji-narodowej_1\/thumbs\/thumbs_DSC6655.JPG\"\n               data-image-id=\"32611\"\n               data-title=\"SONY DSC\"\n               data-description=\"\"\n               data-image-slug=\"_dsc6655\"\n               class='thickbox' rel='14f5b688e064e1124edb6a6f7928319d'>\n                <img\n                    title=\"SONY DSC\"\n                    alt=\"SONY DSC\"\n                    src=\"http:\/\/16lo.tarman.pl\/wp-content\/gallery\/dzien-edukacji-narodowej_1\/thumbs\/thumbs_DSC6655.JPG\"\n                    width=\"120\"\n                    height=\"90\"\n                    style=\"max-width:100%;\"\n                \/>\n            <\/a>\n        <\/div>\n\t\t\t\t\t\t\t<\/div> \n\t\t\t\n                            \n\t\t\t\t<div id=\"ngg-image-21\" class=\"ngg-gallery-thumbnail-box\" >\n\t\t\t\t        <div class=\"ngg-gallery-thumbnail\">\n            <a href=\"http:\/\/16lo.tarman.pl\/wp-content\/gallery\/dzien-edukacji-narodowej_1\/DSC6656.JPG\"\n               title=\"\"\n               data-src=\"http:\/\/16lo.tarman.pl\/wp-content\/gallery\/dzien-edukacji-narodowej_1\/DSC6656.JPG\"\n               data-thumbnail=\"http:\/\/16lo.tarman.pl\/wp-content\/gallery\/dzien-edukacji-narodowej_1\/thumbs\/thumbs_DSC6656.JPG\"\n               data-image-id=\"32612\"\n               data-title=\"SONY DSC\"\n               data-description=\"\"\n               data-image-slug=\"_dsc6656\"\n               class='thickbox' rel='14f5b688e064e1124edb6a6f7928319d'>\n                <img\n                    title=\"SONY DSC\"\n                    alt=\"SONY DSC\"\n                    src=\"http:\/\/16lo.tarman.pl\/wp-content\/gallery\/dzien-edukacji-narodowej_1\/thumbs\/thumbs_DSC6656.JPG\"\n                    width=\"120\"\n                    height=\"90\"\n                    style=\"max-width:100%;\"\n                \/>\n            <\/a>\n        <\/div>\n\t\t\t\t\t\t\t<\/div> \n\t\t\t\n                            \n\t\t\t\t<div id=\"ngg-image-22\" class=\"ngg-gallery-thumbnail-box\" >\n\t\t\t\t        <div class=\"ngg-gallery-thumbnail\">\n            <a href=\"http:\/\/16lo.tarman.pl\/wp-content\/gallery\/dzien-edukacji-narodowej_1\/DSC6657.JPG\"\n               title=\"\"\n               data-src=\"http:\/\/16lo.tarman.pl\/wp-content\/gallery\/dzien-edukacji-narodowej_1\/DSC6657.JPG\"\n               data-thumbnail=\"http:\/\/16lo.tarman.pl\/wp-content\/gallery\/dzien-edukacji-narodowej_1\/thumbs\/thumbs_DSC6657.JPG\"\n               data-image-id=\"32613\"\n               data-title=\"SONY DSC\"\n               data-description=\"\"\n               data-image-slug=\"_dsc6657\"\n               class='thickbox' rel='14f5b688e064e1124edb6a6f7928319d'>\n                <img\n                    title=\"SONY DSC\"\n                    alt=\"SONY DSC\"\n                    src=\"http:\/\/16lo.tarman.pl\/wp-content\/gallery\/dzien-edukacji-narodowej_1\/thumbs\/thumbs_DSC6657.JPG\"\n                    width=\"120\"\n                    height=\"90\"\n                    style=\"max-width:100%;\"\n                \/>\n            <\/a>\n        <\/div>\n\t\t\t\t\t\t\t<\/div> \n\t\t\t\n                            \n\t\t\t\t<div id=\"ngg-image-23\" class=\"ngg-gallery-thumbnail-box\" >\n\t\t\t\t        <div class=\"ngg-gallery-thumbnail\">\n            <a href=\"http:\/\/16lo.tarman.pl\/wp-content\/gallery\/dzien-edukacji-narodowej_1\/DSC6658.JPG\"\n               title=\"\"\n               data-src=\"http:\/\/16lo.tarman.pl\/wp-content\/gallery\/dzien-edukacji-narodowej_1\/DSC6658.JPG\"\n               data-thumbnail=\"http:\/\/16lo.tarman.pl\/wp-content\/gallery\/dzien-edukacji-narodowej_1\/thumbs\/thumbs_DSC6658.JPG\"\n               data-image-id=\"32614\"\n               data-title=\"SONY DSC\"\n               data-description=\"\"\n               data-image-slug=\"_dsc6658\"\n               class='thickbox' rel='14f5b688e064e1124edb6a6f7928319d'>\n                <img\n                    title=\"SONY DSC\"\n                    alt=\"SONY DSC\"\n                    src=\"http:\/\/16lo.tarman.pl\/wp-content\/gallery\/dzien-edukacji-narodowej_1\/thumbs\/thumbs_DSC6658.JPG\"\n                    width=\"120\"\n                    height=\"90\"\n                    style=\"max-width:100%;\"\n                \/>\n            <\/a>\n        <\/div>\n\t\t\t\t\t\t\t<\/div> \n\t\t\t\n                            \n\t\t\t\t<div id=\"ngg-image-24\" class=\"ngg-gallery-thumbnail-box\" >\n\t\t\t\t        <div class=\"ngg-gallery-thumbnail\">\n            <a href=\"http:\/\/16lo.tarman.pl\/wp-content\/gallery\/dzien-edukacji-narodowej_1\/DSC6659.JPG\"\n               title=\"\"\n               data-src=\"http:\/\/16lo.tarman.pl\/wp-content\/gallery\/dzien-edukacji-narodowej_1\/DSC6659.JPG\"\n               data-thumbnail=\"http:\/\/16lo.tarman.pl\/wp-content\/gallery\/dzien-edukacji-narodowej_1\/thumbs\/thumbs_DSC6659.JPG\"\n               data-image-id=\"32615\"\n               data-title=\"SONY DSC\"\n               data-description=\"\"\n               data-image-slug=\"_dsc6659\"\n               class='thickbox' rel='14f5b688e064e1124edb6a6f7928319d'>\n                <img\n                    title=\"SONY DSC\"\n                    alt=\"SONY DSC\"\n                    src=\"http:\/\/16lo.tarman.pl\/wp-content\/gallery\/dzien-edukacji-narodowej_1\/thumbs\/thumbs_DSC6659.JPG\"\n                    width=\"120\"\n                    height=\"90\"\n                    style=\"max-width:100%;\"\n                \/>\n            <\/a>\n        <\/div>\n\t\t\t\t\t\t\t<\/div> \n\t\t\t\n                                    <br style=\"clear: both\" \/>\n                    \n\t\t\n\t\t<!-- Pagination -->\n\t<div class='ngg-navigation'><span class=\"current\">1<\/span><a class=\"page-numbers\" data-pageid=\"2\" href=\"http:\/\/16lo.tarman.pl\/index.php\/nggallery\/page\/2?p=35806\">2<\/a><a class=\"page-numbers\" data-pageid=\"3\" href=\"http:\/\/16lo.tarman.pl\/index.php\/nggallery\/page\/3?p=35806\">3<\/a><a class=\"page-numbers\" data-pageid=\"4\" href=\"http:\/\/16lo.tarman.pl\/index.php\/nggallery\/page\/4?p=35806\">4<\/a><a class=\"next\" data-pageid=\"2\" id=\"ngg-next-2\" href=\"http:\/\/16lo.tarman.pl\/index.php\/nggallery\/page\/2?p=35806\">&#9658;<\/a><\/div>\t<\/div>\n<\/strong><\/p>\n","protected":false},"excerpt":{"rendered":"<p>Dzie\u0144 Edukacji Narodowej to wyj\u0105tkowy dzie\u0144 dla ka\u017cdego z nas. To moment wa\u017cny zar\u00f3wno dla [&#8230;]<\/p>\n","protected":false},"author":1,"featured_media":0,"comment_status":"closed","ping_status":"closed","sticky":false,"template":"","format":"standard","meta":{"ngg_post_thumbnail":0},"categories":[278],"tags":[],"_links":{"self":[{"href":"http:\/\/16lo.tarman.pl\/index.php?rest_route=\/wp\/v2\/posts\/35806"}],"collection":[{"href":"http:\/\/16lo.tarman.pl\/index.php?rest_route=\/wp\/v2\/posts"}],"about":[{"href":"http:\/\/16lo.tarman.pl\/index.php?rest_route=\/wp\/v2\/types\/post"}],"author":[{"embeddable":true,"href":"http:\/\/16lo.tarman.pl\/index.php?rest_route=\/wp\/v2\/users\/1"}],"replies":[{"embeddable":true,"href":"http:\/\/16lo.tarman.pl\/index.php?rest_route=%2Fwp%2Fv2%2Fcomments&post=35806"}],"version-history":[{"count":4,"href":"http:\/\/16lo.tarman.pl\/index.php?rest_route=\/wp\/v2\/posts\/35806\/revisions"}],"predecessor-version":[{"id":36038,"href":"http:\/\/16lo.tarman.pl\/index.php?rest_route=\/wp\/v2\/posts\/35806\/revisions\/36038"}],"wp:attachment":[{"href":"http:\/\/16lo.tarman.pl\/index.php?rest_route=%2Fwp%2Fv2%2Fmedia&parent=35806"}],"wp:term":[{"taxonomy":"category","embeddable":true,"href":"http:\/\/16lo.tarman.pl\/index.php?rest_route=%2Fwp%2Fv2%2Fcategories&post=35806"},{"taxonomy":"post_tag","embeddable":true,"href":"http:\/\/16lo.tarman.pl\/index.php?rest_route=%2Fwp%2Fv2%2Ftags&post=35806"}],"curies":[{"name":"wp","href":"https:\/\/api.w.org\/{rel}","templated":true}]}}