{"id":35592,"date":"2016-10-06T06:26:40","date_gmt":"2016-10-06T06:26:40","guid":{"rendered":"http:\/\/16lo.tarman.pl\/?p=35592"},"modified":"2016-10-06T06:29:53","modified_gmt":"2016-10-06T06:29:53","slug":"cykl-zajec-z-jezyka-polskiego-w-muzeum-diecezjalnym-w-tarnowie","status":"publish","type":"post","link":"http:\/\/16lo.tarman.pl\/?p=35592","title":{"rendered":"Cykl zaj\u0119\u0107 z j\u0119zyka polskiego w Muzeum Diecezjalnym w Tarnowie"},"content":{"rendered":"<p style=\"text-align: justify;\">Dla klasy z rozszerzonymi przedmiotami humanistycznymi lekcja j\u0119zyka polskiego w muzeum to prawdziwa gratka. W zwi\u0105zku z cyklem po\u015bwi\u0119conym kulturze i sztuce \u015bredniowiecza, uczniowie klasy drugiej udali si\u0119 na dwa bloki zaj\u0119\u0107 w Muzeum Diecezjalnym w Tarnowie. Jest to najstarsze muzeum diecezjalne w Polsce za\u0142o\u017cone w 1888 roku przez \u00f3wczesnego rektora tarnowskiego seminarium duchownego ks. J\u00f3zefa B\u0105b\u0119. Kamienica, w kt\u00f3rej obecnie mieszcz\u0105 si\u0119 dwie du\u017ce sale wystawowe, by\u0142a kiedy\u015b zwana Akademiol\u0105, poniewa\u017c by\u0142a to filia Uniwersytetu Krakowskiego. By\u0142a to pierwsza tarnowska szko\u0142a. Dzi\u015b nasza m\u0142odzie\u017c r\u00f3wnie\u017c mog\u0142a poczu\u0107 si\u0119 jak tamtejsi studenci. Dwa wyk\u0142ady kustosza, kt\u00f3ry potrafi zaciekawi\u0107 nawet najwi\u0119kszego przeciwnika sztuki, dotyczy\u0142y zabytk\u00f3w sztuki cechowej \u2013 gotyckiej rze\u017aby i malarstwa z terenu Ma\u0142opolski. Na koniec- jak na lekcje j\u0119zyka polskiego przysta\u0142o- nie oby\u0142o si\u0119 bez pracy pisemnej, bo ka\u017cde nowe informacje nale\u017cy utrwali\u0107. Pami\u0119tajmy, \u017ce cz\u0119sto wielka sztuka jest bardzo blisko nas, czego cz\u0119sto nie dostrzegamy. A warto!<\/p>\n<p style=\"text-align: justify;\"><strong><!-- index.php -->\n<div\n\tclass=\"ngg-galleryoverview ngg-ajax-pagination-none\"\n\tid=\"ngg-gallery-75e9c4e4e614fd67aad262abf56e54ac-1\">\n\n    \t<div class=\"slideshowlink\">\n        <a href='http:\/\/16lo.tarman.pl\/index.php\/nggallery\/slideshow?p=35592'>[Show slideshow]<\/a>\n\t\t\n\t<\/div>\n\t\t\t<!-- Thumbnails -->\n\t\t\t\t<div id=\"ngg-image-0\" class=\"ngg-gallery-thumbnail-box\" >\n\t\t\t\t        <div class=\"ngg-gallery-thumbnail\">\n            <a href=\"http:\/\/16lo.tarman.pl\/wp-content\/gallery\/cykl-zajec-z-jezyka-polskiego-w-muzeum-diecezjalnym-w-tarnowie\/14555590_10154967858113912_1185625298_n.jpg\"\n               title=\"\"\n               data-src=\"http:\/\/16lo.tarman.pl\/wp-content\/gallery\/cykl-zajec-z-jezyka-polskiego-w-muzeum-diecezjalnym-w-tarnowie\/14555590_10154967858113912_1185625298_n.jpg\"\n               data-thumbnail=\"http:\/\/16lo.tarman.pl\/wp-content\/gallery\/cykl-zajec-z-jezyka-polskiego-w-muzeum-diecezjalnym-w-tarnowie\/thumbs\/thumbs_14555590_10154967858113912_1185625298_n.jpg\"\n               data-image-id=\"32503\"\n               data-title=\"14555590_10154967858113912_1185625298_n\"\n               data-description=\"\"\n               data-image-slug=\"14555590_10154967858113912_1185625298_n\"\n               class='thickbox' rel='75e9c4e4e614fd67aad262abf56e54ac'>\n                <img\n                    title=\"14555590_10154967858113912_1185625298_n\"\n                    alt=\"14555590_10154967858113912_1185625298_n\"\n                    src=\"http:\/\/16lo.tarman.pl\/wp-content\/gallery\/cykl-zajec-z-jezyka-polskiego-w-muzeum-diecezjalnym-w-tarnowie\/thumbs\/thumbs_14555590_10154967858113912_1185625298_n.jpg\"\n                    width=\"120\"\n                    height=\"90\"\n                    style=\"max-width:100%;\"\n                \/>\n            <\/a>\n        <\/div>\n\t\t\t\t\t\t\t<\/div> \n\t\t\t\n                            \n\t\t\t\t<div id=\"ngg-image-1\" class=\"ngg-gallery-thumbnail-box\" >\n\t\t\t\t        <div class=\"ngg-gallery-thumbnail\">\n            <a href=\"http:\/\/16lo.tarman.pl\/wp-content\/gallery\/cykl-zajec-z-jezyka-polskiego-w-muzeum-diecezjalnym-w-tarnowie\/14555825_10154967857853912_179278504_n.jpg\"\n               title=\"\"\n               data-src=\"http:\/\/16lo.tarman.pl\/wp-content\/gallery\/cykl-zajec-z-jezyka-polskiego-w-muzeum-diecezjalnym-w-tarnowie\/14555825_10154967857853912_179278504_n.jpg\"\n               data-thumbnail=\"http:\/\/16lo.tarman.pl\/wp-content\/gallery\/cykl-zajec-z-jezyka-polskiego-w-muzeum-diecezjalnym-w-tarnowie\/thumbs\/thumbs_14555825_10154967857853912_179278504_n.jpg\"\n               data-image-id=\"32504\"\n               data-title=\"14555825_10154967857853912_179278504_n\"\n               data-description=\"\"\n               data-image-slug=\"14555825_10154967857853912_179278504_n\"\n               class='thickbox' rel='75e9c4e4e614fd67aad262abf56e54ac'>\n                <img\n                    title=\"14555825_10154967857853912_179278504_n\"\n                    alt=\"14555825_10154967857853912_179278504_n\"\n                    src=\"http:\/\/16lo.tarman.pl\/wp-content\/gallery\/cykl-zajec-z-jezyka-polskiego-w-muzeum-diecezjalnym-w-tarnowie\/thumbs\/thumbs_14555825_10154967857853912_179278504_n.jpg\"\n                    width=\"120\"\n                    height=\"90\"\n                    style=\"max-width:100%;\"\n                \/>\n            <\/a>\n        <\/div>\n\t\t\t\t\t\t\t<\/div> \n\t\t\t\n                            \n\t\t\t\t<div id=\"ngg-image-2\" class=\"ngg-gallery-thumbnail-box\" >\n\t\t\t\t        <div class=\"ngg-gallery-thumbnail\">\n            <a href=\"http:\/\/16lo.tarman.pl\/wp-content\/gallery\/cykl-zajec-z-jezyka-polskiego-w-muzeum-diecezjalnym-w-tarnowie\/14569217_10154967856768912_351751860_n.jpg\"\n               title=\"\"\n               data-src=\"http:\/\/16lo.tarman.pl\/wp-content\/gallery\/cykl-zajec-z-jezyka-polskiego-w-muzeum-diecezjalnym-w-tarnowie\/14569217_10154967856768912_351751860_n.jpg\"\n               data-thumbnail=\"http:\/\/16lo.tarman.pl\/wp-content\/gallery\/cykl-zajec-z-jezyka-polskiego-w-muzeum-diecezjalnym-w-tarnowie\/thumbs\/thumbs_14569217_10154967856768912_351751860_n.jpg\"\n               data-image-id=\"32505\"\n               data-title=\"14569217_10154967856768912_351751860_n\"\n               data-description=\"\"\n               data-image-slug=\"14569217_10154967856768912_351751860_n\"\n               class='thickbox' rel='75e9c4e4e614fd67aad262abf56e54ac'>\n                <img\n                    title=\"14569217_10154967856768912_351751860_n\"\n                    alt=\"14569217_10154967856768912_351751860_n\"\n                    src=\"http:\/\/16lo.tarman.pl\/wp-content\/gallery\/cykl-zajec-z-jezyka-polskiego-w-muzeum-diecezjalnym-w-tarnowie\/thumbs\/thumbs_14569217_10154967856768912_351751860_n.jpg\"\n                    width=\"120\"\n                    height=\"90\"\n                    style=\"max-width:100%;\"\n                \/>\n            <\/a>\n        <\/div>\n\t\t\t\t\t\t\t<\/div> \n\t\t\t\n                            \n\t\t\t\t<div id=\"ngg-image-3\" class=\"ngg-gallery-thumbnail-box\" >\n\t\t\t\t        <div class=\"ngg-gallery-thumbnail\">\n            <a href=\"http:\/\/16lo.tarman.pl\/wp-content\/gallery\/cykl-zajec-z-jezyka-polskiego-w-muzeum-diecezjalnym-w-tarnowie\/14610637_10154967854533912_1755074226_n.jpg\"\n               title=\"\"\n               data-src=\"http:\/\/16lo.tarman.pl\/wp-content\/gallery\/cykl-zajec-z-jezyka-polskiego-w-muzeum-diecezjalnym-w-tarnowie\/14610637_10154967854533912_1755074226_n.jpg\"\n               data-thumbnail=\"http:\/\/16lo.tarman.pl\/wp-content\/gallery\/cykl-zajec-z-jezyka-polskiego-w-muzeum-diecezjalnym-w-tarnowie\/thumbs\/thumbs_14610637_10154967854533912_1755074226_n.jpg\"\n               data-image-id=\"32506\"\n               data-title=\"14610637_10154967854533912_1755074226_n\"\n               data-description=\"\"\n               data-image-slug=\"14610637_10154967854533912_1755074226_n\"\n               class='thickbox' rel='75e9c4e4e614fd67aad262abf56e54ac'>\n                <img\n                    title=\"14610637_10154967854533912_1755074226_n\"\n                    alt=\"14610637_10154967854533912_1755074226_n\"\n                    src=\"http:\/\/16lo.tarman.pl\/wp-content\/gallery\/cykl-zajec-z-jezyka-polskiego-w-muzeum-diecezjalnym-w-tarnowie\/thumbs\/thumbs_14610637_10154967854533912_1755074226_n.jpg\"\n                    width=\"120\"\n                    height=\"90\"\n                    style=\"max-width:100%;\"\n                \/>\n            <\/a>\n        <\/div>\n\t\t\t\t\t\t\t<\/div> \n\t\t\t\n                            \n\t\t\n\t\t<!-- Pagination -->\n\t<div class='ngg-clear'><\/div>\t<\/div>\n<\/strong><\/p>\n","protected":false},"excerpt":{"rendered":"<p>Dla klasy z rozszerzonymi przedmiotami humanistycznymi lekcja j\u0119zyka polskiego w muzeum to prawdziwa gratka. W [&#8230;]<\/p>\n","protected":false},"author":1,"featured_media":0,"comment_status":"closed","ping_status":"closed","sticky":false,"template":"","format":"standard","meta":{"ngg_post_thumbnail":0},"categories":[278],"tags":[],"_links":{"self":[{"href":"http:\/\/16lo.tarman.pl\/index.php?rest_route=\/wp\/v2\/posts\/35592"}],"collection":[{"href":"http:\/\/16lo.tarman.pl\/index.php?rest_route=\/wp\/v2\/posts"}],"about":[{"href":"http:\/\/16lo.tarman.pl\/index.php?rest_route=\/wp\/v2\/types\/post"}],"author":[{"embeddable":true,"href":"http:\/\/16lo.tarman.pl\/index.php?rest_route=\/wp\/v2\/users\/1"}],"replies":[{"embeddable":true,"href":"http:\/\/16lo.tarman.pl\/index.php?rest_route=%2Fwp%2Fv2%2Fcomments&post=35592"}],"version-history":[{"count":1,"href":"http:\/\/16lo.tarman.pl\/index.php?rest_route=\/wp\/v2\/posts\/35592\/revisions"}],"predecessor-version":[{"id":35602,"href":"http:\/\/16lo.tarman.pl\/index.php?rest_route=\/wp\/v2\/posts\/35592\/revisions\/35602"}],"wp:attachment":[{"href":"http:\/\/16lo.tarman.pl\/index.php?rest_route=%2Fwp%2Fv2%2Fmedia&parent=35592"}],"wp:term":[{"taxonomy":"category","embeddable":true,"href":"http:\/\/16lo.tarman.pl\/index.php?rest_route=%2Fwp%2Fv2%2Fcategories&post=35592"},{"taxonomy":"post_tag","embeddable":true,"href":"http:\/\/16lo.tarman.pl\/index.php?rest_route=%2Fwp%2Fv2%2Ftags&post=35592"}],"curies":[{"name":"wp","href":"https:\/\/api.w.org\/{rel}","templated":true}]}}