{"id":3159,"date":"2014-03-05T10:10:55","date_gmt":"2014-03-05T10:10:55","guid":{"rendered":"http:\/\/16lo.tarman.pl\/?p=3159"},"modified":"2014-03-05T10:10:55","modified_gmt":"2014-03-05T10:10:55","slug":"final-malopolskiej-licealiady-mlodziezy-w-plywaniu","status":"publish","type":"post","link":"http:\/\/16lo.tarman.pl\/?p=3159","title":{"rendered":"Fina\u0142 Ma\u0142opolskiej Licealiady M\u0142odzie\u017cy w P\u0142ywaniu"},"content":{"rendered":"<p style=\"text-align: justify;\">Uczniowie naszej szko\u0142y: <strong><em>Nowak Beata, Kura Oliwer, Misterka Krzysztof<\/em><\/strong>\u00a0 wywalczyli sobie udzia\u0142 w Finale Ma\u0142opolskiej Licealiady M\u0142odzie\u017cy w P\u0142ywaniu Indywidualnym i Sztafetowym\u00a0 dziewcz\u0105t i ch\u0142opc\u00f3w, kt\u00f3re odb\u0119dzie si\u0119 w dniu 12.03.2014r. godz. 9.00 na krytej p\u0142ywalni w Suchej Beskidzkiej. Prawo\u00a0 startu w w\/w zawodach maj\u0105 nast\u0119puj\u0105cy uczniowie tarnowskich szk\u00f3\u0142:<\/p>\n<p style=\"text-align: center;\"><a href=\"http:\/\/16lo.tarman.pl\/wp-content\/uploads\/2014\/03\/tabelka.jpg\"><img decoding=\"async\" loading=\"lazy\" class=\"aligncenter  wp-image-3161\" title=\"tabelka\" src=\"http:\/\/16lo.tarman.pl\/wp-content\/uploads\/2014\/03\/tabelka.jpg\" alt=\"\" width=\"406\" height=\"265\" srcset=\"http:\/\/16lo.tarman.pl\/wp-content\/uploads\/2014\/03\/tabelka.jpg 677w, http:\/\/16lo.tarman.pl\/wp-content\/uploads\/2014\/03\/tabelka-300x195.jpg 300w\" sizes=\"(max-width: 406px) 100vw, 406px\" \/><\/a><\/p>\n<p>TERMIN I MIEJSCE ZAWOD\u00d3W:<\/p>\n<ul>\n<li>w dniu 12 .III. 2014<\/li>\n<li>Kryta P\u0142ywalnia w Suchej Beskidzkiej, 32-400 Sucha Beskidzka, ul. Zielona 1<\/li>\n<\/ul>\n<p>INORMACJE TECHNICZNE:<\/p>\n<ul>\n<li>p\u0142ywalnia 25m; 6 tor\u00f3w; temperatura wody: 27\u00b0C<\/li>\n<li>pomiar czasu- r\u0119czny<\/li>\n<li>zawody rozgrywane s\u0105 zgodnie z przepisami FINA<\/li>\n<\/ul>\n<p>ORGANIZATOR I KIEROWNICTWO ZAWOD\u00d3W:<\/p>\n<ul>\n<li>Ma\u0142opolski Szkolny Zwi\u0105zek Sportowy<\/li>\n<li>Powiatowy Szkolny Zwi\u0105zek Sportowy w Suchej Beskidzkiej<\/li>\n<li>Kierownik zawod\u00f3w \u2013 \u0141ukasz Miklusiak- 668803392<\/li>\n<li>S\u0119dzia G\u0142\u00f3wny \u2013 Piotr Staszak<\/li>\n<\/ul>\n","protected":false},"excerpt":{"rendered":"<p>Uczniowie naszej szko\u0142y: Nowak Beata, Kura Oliwer, Misterka Krzysztof\u00a0 wywalczyli sobie udzia\u0142 w Finale Ma\u0142opolskiej [&#8230;]<\/p>\n","protected":false},"author":1,"featured_media":0,"comment_status":"closed","ping_status":"closed","sticky":false,"template":"","format":"standard","meta":{"ngg_post_thumbnail":0},"categories":[191],"tags":[],"_links":{"self":[{"href":"http:\/\/16lo.tarman.pl\/index.php?rest_route=\/wp\/v2\/posts\/3159"}],"collection":[{"href":"http:\/\/16lo.tarman.pl\/index.php?rest_route=\/wp\/v2\/posts"}],"about":[{"href":"http:\/\/16lo.tarman.pl\/index.php?rest_route=\/wp\/v2\/types\/post"}],"author":[{"embeddable":true,"href":"http:\/\/16lo.tarman.pl\/index.php?rest_route=\/wp\/v2\/users\/1"}],"replies":[{"embeddable":true,"href":"http:\/\/16lo.tarman.pl\/index.php?rest_route=%2Fwp%2Fv2%2Fcomments&post=3159"}],"version-history":[{"count":3,"href":"http:\/\/16lo.tarman.pl\/index.php?rest_route=\/wp\/v2\/posts\/3159\/revisions"}],"predecessor-version":[{"id":3163,"href":"http:\/\/16lo.tarman.pl\/index.php?rest_route=\/wp\/v2\/posts\/3159\/revisions\/3163"}],"wp:attachment":[{"href":"http:\/\/16lo.tarman.pl\/index.php?rest_route=%2Fwp%2Fv2%2Fmedia&parent=3159"}],"wp:term":[{"taxonomy":"category","embeddable":true,"href":"http:\/\/16lo.tarman.pl\/index.php?rest_route=%2Fwp%2Fv2%2Fcategories&post=3159"},{"taxonomy":"post_tag","embeddable":true,"href":"http:\/\/16lo.tarman.pl\/index.php?rest_route=%2Fwp%2Fv2%2Ftags&post=3159"}],"curies":[{"name":"wp","href":"https:\/\/api.w.org\/{rel}","templated":true}]}}