{"id":21757,"date":"2015-11-12T21:23:09","date_gmt":"2015-11-12T21:23:09","guid":{"rendered":"http:\/\/16lo.tarman.pl\/?p=21757"},"modified":"2015-11-12T21:24:32","modified_gmt":"2015-11-12T21:24:32","slug":"xxvi-olimpiada-teologii-katolickiej","status":"publish","type":"post","link":"http:\/\/16lo.tarman.pl\/?p=21757","title":{"rendered":"XXVI Olimpiada Teologii Katolickiej"},"content":{"rendered":"<p style=\"text-align: justify;\"><a href=\"http:\/\/16lo.tarman.pl\/wp-content\/uploads\/2015\/11\/biblia5.jpg\"><img decoding=\"async\" loading=\"lazy\" class=\"alignleft size-thumbnail wp-image-21758\" src=\"http:\/\/16lo.tarman.pl\/wp-content\/uploads\/2015\/11\/biblia5-150x150.jpg\" alt=\"biblia5\" width=\"150\" height=\"150\" \/><\/a>Diecezja \u0141owicka ma zaszczyt organizowa\u0107 w roku szkolnym 2015\/2016 XXVI Olimpiad\u0119 Teologii Katolickiej. Has\u0142o tegorocznej edycji Olimpiady brzmi:<\/p>\n<p style=\"text-align: center;\"><strong>\u201e\u015awi\u0119ty Jan Pawe\u0142 II \u2013 wychowawca m\u0142odych pokole\u0144\u201d<\/strong><\/p>\n<p style=\"text-align: justify;\">Has\u0142o nawi\u0105zuje do homilii Jana Paw\u0142a II w \u0141owiczu w dniu 14 czerwca 1999 roku po\u015bwi\u0119conej tematyce wychowania. Jednocze\u015bnie stwarza okazj\u0119 do w\u0142\u0105czenia si\u0119 w dzie\u0142o duchowych przygotowa\u0144 do \u015awiatowych Dni M\u0142odzie\u017cy w Krakowie, kt\u00f3rych inicjatorem by\u0142 w\u0142a\u015bnie \u015awi\u0119ty Jan Pawe\u0142 II.<\/p>\n<p style=\"text-align: justify;\">Cieszymy si\u0119, i\u017c 10 uczni\u00f3w naszej szko\u0142y wyrazi\u0142o ch\u0119\u0107 udzia\u0142u w tej Olimpiadzie.\u00a0 Etap szkolny zostanie przeprowadzony w dniu 17 listopada 2015r. o godz. 10.00. Uczestnikom \u017cyczymy \u015bwiat\u0142a Ducha \u015awi\u0119tego na czas przygotowania i przej\u015bcia do kolejnych etap\u00f3w.<\/p>\n<p>ks. J\u00f3zef Mirek<\/p>\n","protected":false},"excerpt":{"rendered":"<p>Diecezja \u0141owicka ma zaszczyt organizowa\u0107 w roku szkolnym 2015\/2016 XXVI Olimpiad\u0119 Teologii Katolickiej. Has\u0142o tegorocznej [&#8230;]<\/p>\n","protected":false},"author":1,"featured_media":0,"comment_status":"closed","ping_status":"closed","sticky":false,"template":"","format":"standard","meta":{"ngg_post_thumbnail":0},"categories":[246],"tags":[],"_links":{"self":[{"href":"http:\/\/16lo.tarman.pl\/index.php?rest_route=\/wp\/v2\/posts\/21757"}],"collection":[{"href":"http:\/\/16lo.tarman.pl\/index.php?rest_route=\/wp\/v2\/posts"}],"about":[{"href":"http:\/\/16lo.tarman.pl\/index.php?rest_route=\/wp\/v2\/types\/post"}],"author":[{"embeddable":true,"href":"http:\/\/16lo.tarman.pl\/index.php?rest_route=\/wp\/v2\/users\/1"}],"replies":[{"embeddable":true,"href":"http:\/\/16lo.tarman.pl\/index.php?rest_route=%2Fwp%2Fv2%2Fcomments&post=21757"}],"version-history":[{"count":3,"href":"http:\/\/16lo.tarman.pl\/index.php?rest_route=\/wp\/v2\/posts\/21757\/revisions"}],"predecessor-version":[{"id":21761,"href":"http:\/\/16lo.tarman.pl\/index.php?rest_route=\/wp\/v2\/posts\/21757\/revisions\/21761"}],"wp:attachment":[{"href":"http:\/\/16lo.tarman.pl\/index.php?rest_route=%2Fwp%2Fv2%2Fmedia&parent=21757"}],"wp:term":[{"taxonomy":"category","embeddable":true,"href":"http:\/\/16lo.tarman.pl\/index.php?rest_route=%2Fwp%2Fv2%2Fcategories&post=21757"},{"taxonomy":"post_tag","embeddable":true,"href":"http:\/\/16lo.tarman.pl\/index.php?rest_route=%2Fwp%2Fv2%2Ftags&post=21757"}],"curies":[{"name":"wp","href":"https:\/\/api.w.org\/{rel}","templated":true}]}}