{"id":18194,"date":"2015-09-21T05:00:26","date_gmt":"2015-09-21T05:00:26","guid":{"rendered":"http:\/\/16lo.tarman.pl\/?p=18194"},"modified":"2015-09-21T05:00:26","modified_gmt":"2015-09-21T05:00:26","slug":"dzien-sybiraka-uroczystosci-poswiecone-pamieci-ofiar-agresji-zsrr-na-polske","status":"publish","type":"post","link":"http:\/\/16lo.tarman.pl\/?p=18194","title":{"rendered":"Dzie\u0144 Sybiraka, uroczysto\u015bci po\u015bwi\u0119cone pami\u0119ci ofiar agresji ZSRR na Polsk\u0119"},"content":{"rendered":"<p style=\"text-align: justify;\">Wszyscy znamy pami\u0119tn\u0105 dat\u0119 17 wrze\u015bnia 1939. W rocznic\u0119 napa\u015bci rosyjskiej na Polsk\u0119 obchodzimy od 2004 roku \u015awiatowy Dzie\u0144 Sybiraka. Nasi uczniowie z dum\u0105 corocznie uczestnicz\u0105 w uroczysto\u015bciach z tej okazji. Szkolnej kompanii honorowej oraz reprezentuj\u0105cych uczni\u00f3w nie mog\u0142o zabrakn\u0105\u0107 r\u00f3wnie\u017c podczas tegorocznych obchod\u00f3w zorganizowanych przez Starost\u0119 Tarnowskiego Romana \u0141ucarza, Prezydenta Miasta Tarnowa Romana Ciepiel\u0119 oraz Oddzia\u0142 Zwi\u0105zku Sybirak\u00f3w w Tarnowie. Na Palcu Ofiar Stalinizmu wybrzmia\u0142 apel pami\u0119ci przygotowany przez naszych uczni\u00f3w. Z powag\u0105 oddali honory poleg\u0142ym i pomordowanych na Wschodzie, daj\u0105c r\u00f3wnocze\u015bnie \u015bwiadectwo najwa\u017cniejszym warto\u015bciom XVI Liceum Og\u00f3lnokszta\u0142c\u0105cego im. Armii Krajowej.<\/p>\n<p><strong><!-- index.php -->\n<div\n\tclass=\"ngg-galleryoverview ngg-ajax-pagination-none\"\n\tid=\"ngg-gallery-4ced58141a45dcf9f215feedad665982-1\">\n\n    \t<div class=\"slideshowlink\">\n        <a href='http:\/\/16lo.tarman.pl\/index.php\/nggallery\/slideshow?p=18194'>[Show slideshow]<\/a>\n\t\t\n\t<\/div>\n\t\t\t<!-- Thumbnails -->\n\t\t\t\t<div id=\"ngg-image-0\" class=\"ngg-gallery-thumbnail-box\" >\n\t\t\t\t        <div class=\"ngg-gallery-thumbnail\">\n            <a href=\"http:\/\/16lo.tarman.pl\/wp-content\/gallery\/dzien-sybiraka-uroczystosci-poswiecone-pamieci-ofiar-agresji-zsrr-na-polske\/DSC8135.JPG\"\n               title=\"\"\n               data-src=\"http:\/\/16lo.tarman.pl\/wp-content\/gallery\/dzien-sybiraka-uroczystosci-poswiecone-pamieci-ofiar-agresji-zsrr-na-polske\/DSC8135.JPG\"\n               data-thumbnail=\"http:\/\/16lo.tarman.pl\/wp-content\/gallery\/dzien-sybiraka-uroczystosci-poswiecone-pamieci-ofiar-agresji-zsrr-na-polske\/thumbs\/thumbs_DSC8135.JPG\"\n               data-image-id=\"24619\"\n               data-title=\"SONY DSC\"\n               data-description=\"\"\n               data-image-slug=\"_dsc8135\"\n               class='thickbox' rel='4ced58141a45dcf9f215feedad665982'>\n                <img\n                    title=\"SONY DSC\"\n                    alt=\"SONY DSC\"\n                    src=\"http:\/\/16lo.tarman.pl\/wp-content\/gallery\/dzien-sybiraka-uroczystosci-poswiecone-pamieci-ofiar-agresji-zsrr-na-polske\/thumbs\/thumbs_DSC8135.JPG\"\n                    width=\"120\"\n                    height=\"90\"\n                    style=\"max-width:100%;\"\n                \/>\n            <\/a>\n        <\/div>\n\t\t\t\t\t\t\t<\/div> \n\t\t\t\n                            \n\t\t\t\t<div id=\"ngg-image-1\" class=\"ngg-gallery-thumbnail-box\" >\n\t\t\t\t        <div class=\"ngg-gallery-thumbnail\">\n            <a href=\"http:\/\/16lo.tarman.pl\/wp-content\/gallery\/dzien-sybiraka-uroczystosci-poswiecone-pamieci-ofiar-agresji-zsrr-na-polske\/DSC8138.JPG\"\n               title=\"\"\n               data-src=\"http:\/\/16lo.tarman.pl\/wp-content\/gallery\/dzien-sybiraka-uroczystosci-poswiecone-pamieci-ofiar-agresji-zsrr-na-polske\/DSC8138.JPG\"\n               data-thumbnail=\"http:\/\/16lo.tarman.pl\/wp-content\/gallery\/dzien-sybiraka-uroczystosci-poswiecone-pamieci-ofiar-agresji-zsrr-na-polske\/thumbs\/thumbs_DSC8138.JPG\"\n               data-image-id=\"24620\"\n               data-title=\"SONY DSC\"\n               data-description=\"\"\n               data-image-slug=\"_dsc8138\"\n               class='thickbox' rel='4ced58141a45dcf9f215feedad665982'>\n                <img\n                    title=\"SONY DSC\"\n                    alt=\"SONY DSC\"\n                    src=\"http:\/\/16lo.tarman.pl\/wp-content\/gallery\/dzien-sybiraka-uroczystosci-poswiecone-pamieci-ofiar-agresji-zsrr-na-polske\/thumbs\/thumbs_DSC8138.JPG\"\n                    width=\"120\"\n                    height=\"90\"\n                    style=\"max-width:100%;\"\n                \/>\n            <\/a>\n        <\/div>\n\t\t\t\t\t\t\t<\/div> \n\t\t\t\n                            \n\t\t\t\t<div id=\"ngg-image-2\" class=\"ngg-gallery-thumbnail-box\" >\n\t\t\t\t        <div class=\"ngg-gallery-thumbnail\">\n            <a href=\"http:\/\/16lo.tarman.pl\/wp-content\/gallery\/dzien-sybiraka-uroczystosci-poswiecone-pamieci-ofiar-agresji-zsrr-na-polske\/DSC8139.JPG\"\n               title=\"\"\n               data-src=\"http:\/\/16lo.tarman.pl\/wp-content\/gallery\/dzien-sybiraka-uroczystosci-poswiecone-pamieci-ofiar-agresji-zsrr-na-polske\/DSC8139.JPG\"\n               data-thumbnail=\"http:\/\/16lo.tarman.pl\/wp-content\/gallery\/dzien-sybiraka-uroczystosci-poswiecone-pamieci-ofiar-agresji-zsrr-na-polske\/thumbs\/thumbs_DSC8139.JPG\"\n               data-image-id=\"24621\"\n               data-title=\"SONY DSC\"\n               data-description=\"\"\n               data-image-slug=\"_dsc8139\"\n               class='thickbox' rel='4ced58141a45dcf9f215feedad665982'>\n                <img\n                    title=\"SONY DSC\"\n                    alt=\"SONY DSC\"\n                    src=\"http:\/\/16lo.tarman.pl\/wp-content\/gallery\/dzien-sybiraka-uroczystosci-poswiecone-pamieci-ofiar-agresji-zsrr-na-polske\/thumbs\/thumbs_DSC8139.JPG\"\n                    width=\"120\"\n                    height=\"90\"\n                    style=\"max-width:100%;\"\n                \/>\n            <\/a>\n        <\/div>\n\t\t\t\t\t\t\t<\/div> \n\t\t\t\n                            \n\t\t\t\t<div id=\"ngg-image-3\" class=\"ngg-gallery-thumbnail-box\" >\n\t\t\t\t        <div class=\"ngg-gallery-thumbnail\">\n            <a href=\"http:\/\/16lo.tarman.pl\/wp-content\/gallery\/dzien-sybiraka-uroczystosci-poswiecone-pamieci-ofiar-agresji-zsrr-na-polske\/DSC8142.JPG\"\n               title=\"\"\n               data-src=\"http:\/\/16lo.tarman.pl\/wp-content\/gallery\/dzien-sybiraka-uroczystosci-poswiecone-pamieci-ofiar-agresji-zsrr-na-polske\/DSC8142.JPG\"\n               data-thumbnail=\"http:\/\/16lo.tarman.pl\/wp-content\/gallery\/dzien-sybiraka-uroczystosci-poswiecone-pamieci-ofiar-agresji-zsrr-na-polske\/thumbs\/thumbs_DSC8142.JPG\"\n               data-image-id=\"24622\"\n               data-title=\"SONY DSC\"\n               data-description=\"\"\n               data-image-slug=\"_dsc8142\"\n               class='thickbox' rel='4ced58141a45dcf9f215feedad665982'>\n                <img\n                    title=\"SONY DSC\"\n                    alt=\"SONY DSC\"\n                    src=\"http:\/\/16lo.tarman.pl\/wp-content\/gallery\/dzien-sybiraka-uroczystosci-poswiecone-pamieci-ofiar-agresji-zsrr-na-polske\/thumbs\/thumbs_DSC8142.JPG\"\n                    width=\"120\"\n                    height=\"90\"\n                    style=\"max-width:100%;\"\n                \/>\n            <\/a>\n        <\/div>\n\t\t\t\t\t\t\t<\/div> \n\t\t\t\n                            \n\t\t\t\t<div id=\"ngg-image-4\" class=\"ngg-gallery-thumbnail-box\" >\n\t\t\t\t        <div class=\"ngg-gallery-thumbnail\">\n            <a href=\"http:\/\/16lo.tarman.pl\/wp-content\/gallery\/dzien-sybiraka-uroczystosci-poswiecone-pamieci-ofiar-agresji-zsrr-na-polske\/DSC8149.JPG\"\n               title=\"\"\n               data-src=\"http:\/\/16lo.tarman.pl\/wp-content\/gallery\/dzien-sybiraka-uroczystosci-poswiecone-pamieci-ofiar-agresji-zsrr-na-polske\/DSC8149.JPG\"\n               data-thumbnail=\"http:\/\/16lo.tarman.pl\/wp-content\/gallery\/dzien-sybiraka-uroczystosci-poswiecone-pamieci-ofiar-agresji-zsrr-na-polske\/thumbs\/thumbs_DSC8149.JPG\"\n               data-image-id=\"24623\"\n               data-title=\"SONY DSC\"\n               data-description=\"\"\n               data-image-slug=\"_dsc8149\"\n               class='thickbox' rel='4ced58141a45dcf9f215feedad665982'>\n                <img\n                    title=\"SONY DSC\"\n                    alt=\"SONY DSC\"\n                    src=\"http:\/\/16lo.tarman.pl\/wp-content\/gallery\/dzien-sybiraka-uroczystosci-poswiecone-pamieci-ofiar-agresji-zsrr-na-polske\/thumbs\/thumbs_DSC8149.JPG\"\n                    width=\"120\"\n                    height=\"90\"\n                    style=\"max-width:100%;\"\n                \/>\n            <\/a>\n        <\/div>\n\t\t\t\t\t\t\t<\/div> \n\t\t\t\n                                    <br style=\"clear: both\" \/>\n                    \n\t\t\t\t<div id=\"ngg-image-5\" class=\"ngg-gallery-thumbnail-box\" >\n\t\t\t\t        <div class=\"ngg-gallery-thumbnail\">\n            <a href=\"http:\/\/16lo.tarman.pl\/wp-content\/gallery\/dzien-sybiraka-uroczystosci-poswiecone-pamieci-ofiar-agresji-zsrr-na-polske\/DSC8150.JPG\"\n               title=\"\"\n               data-src=\"http:\/\/16lo.tarman.pl\/wp-content\/gallery\/dzien-sybiraka-uroczystosci-poswiecone-pamieci-ofiar-agresji-zsrr-na-polske\/DSC8150.JPG\"\n               data-thumbnail=\"http:\/\/16lo.tarman.pl\/wp-content\/gallery\/dzien-sybiraka-uroczystosci-poswiecone-pamieci-ofiar-agresji-zsrr-na-polske\/thumbs\/thumbs_DSC8150.JPG\"\n               data-image-id=\"24624\"\n               data-title=\"SONY DSC\"\n               data-description=\"\"\n               data-image-slug=\"_dsc8150\"\n               class='thickbox' rel='4ced58141a45dcf9f215feedad665982'>\n                <img\n                    title=\"SONY DSC\"\n                    alt=\"SONY DSC\"\n                    src=\"http:\/\/16lo.tarman.pl\/wp-content\/gallery\/dzien-sybiraka-uroczystosci-poswiecone-pamieci-ofiar-agresji-zsrr-na-polske\/thumbs\/thumbs_DSC8150.JPG\"\n                    width=\"120\"\n                    height=\"90\"\n                    style=\"max-width:100%;\"\n                \/>\n            <\/a>\n        <\/div>\n\t\t\t\t\t\t\t<\/div> \n\t\t\t\n                            \n\t\t\t\t<div id=\"ngg-image-6\" class=\"ngg-gallery-thumbnail-box\" >\n\t\t\t\t        <div class=\"ngg-gallery-thumbnail\">\n            <a href=\"http:\/\/16lo.tarman.pl\/wp-content\/gallery\/dzien-sybiraka-uroczystosci-poswiecone-pamieci-ofiar-agresji-zsrr-na-polske\/DSC8151.JPG\"\n               title=\"\"\n               data-src=\"http:\/\/16lo.tarman.pl\/wp-content\/gallery\/dzien-sybiraka-uroczystosci-poswiecone-pamieci-ofiar-agresji-zsrr-na-polske\/DSC8151.JPG\"\n               data-thumbnail=\"http:\/\/16lo.tarman.pl\/wp-content\/gallery\/dzien-sybiraka-uroczystosci-poswiecone-pamieci-ofiar-agresji-zsrr-na-polske\/thumbs\/thumbs_DSC8151.JPG\"\n               data-image-id=\"24625\"\n               data-title=\"SONY DSC\"\n               data-description=\"\"\n               data-image-slug=\"_dsc8151\"\n               class='thickbox' rel='4ced58141a45dcf9f215feedad665982'>\n                <img\n                    title=\"SONY DSC\"\n                    alt=\"SONY DSC\"\n                    src=\"http:\/\/16lo.tarman.pl\/wp-content\/gallery\/dzien-sybiraka-uroczystosci-poswiecone-pamieci-ofiar-agresji-zsrr-na-polske\/thumbs\/thumbs_DSC8151.JPG\"\n                    width=\"120\"\n                    height=\"90\"\n                    style=\"max-width:100%;\"\n                \/>\n            <\/a>\n        <\/div>\n\t\t\t\t\t\t\t<\/div> \n\t\t\t\n                            \n\t\t\t\t<div id=\"ngg-image-7\" class=\"ngg-gallery-thumbnail-box\" >\n\t\t\t\t        <div class=\"ngg-gallery-thumbnail\">\n            <a href=\"http:\/\/16lo.tarman.pl\/wp-content\/gallery\/dzien-sybiraka-uroczystosci-poswiecone-pamieci-ofiar-agresji-zsrr-na-polske\/DSC8152.JPG\"\n               title=\"\"\n               data-src=\"http:\/\/16lo.tarman.pl\/wp-content\/gallery\/dzien-sybiraka-uroczystosci-poswiecone-pamieci-ofiar-agresji-zsrr-na-polske\/DSC8152.JPG\"\n               data-thumbnail=\"http:\/\/16lo.tarman.pl\/wp-content\/gallery\/dzien-sybiraka-uroczystosci-poswiecone-pamieci-ofiar-agresji-zsrr-na-polske\/thumbs\/thumbs_DSC8152.JPG\"\n               data-image-id=\"24626\"\n               data-title=\"SONY DSC\"\n               data-description=\"\"\n               data-image-slug=\"_dsc8152\"\n               class='thickbox' rel='4ced58141a45dcf9f215feedad665982'>\n                <img\n                    title=\"SONY DSC\"\n                    alt=\"SONY DSC\"\n                    src=\"http:\/\/16lo.tarman.pl\/wp-content\/gallery\/dzien-sybiraka-uroczystosci-poswiecone-pamieci-ofiar-agresji-zsrr-na-polske\/thumbs\/thumbs_DSC8152.JPG\"\n                    width=\"120\"\n                    height=\"90\"\n                    style=\"max-width:100%;\"\n                \/>\n            <\/a>\n        <\/div>\n\t\t\t\t\t\t\t<\/div> \n\t\t\t\n                            \n\t\t\t\t<div id=\"ngg-image-8\" class=\"ngg-gallery-thumbnail-box\" >\n\t\t\t\t        <div class=\"ngg-gallery-thumbnail\">\n            <a href=\"http:\/\/16lo.tarman.pl\/wp-content\/gallery\/dzien-sybiraka-uroczystosci-poswiecone-pamieci-ofiar-agresji-zsrr-na-polske\/DSC8153.JPG\"\n               title=\"\"\n               data-src=\"http:\/\/16lo.tarman.pl\/wp-content\/gallery\/dzien-sybiraka-uroczystosci-poswiecone-pamieci-ofiar-agresji-zsrr-na-polske\/DSC8153.JPG\"\n               data-thumbnail=\"http:\/\/16lo.tarman.pl\/wp-content\/gallery\/dzien-sybiraka-uroczystosci-poswiecone-pamieci-ofiar-agresji-zsrr-na-polske\/thumbs\/thumbs_DSC8153.JPG\"\n               data-image-id=\"24627\"\n               data-title=\"SONY DSC\"\n               data-description=\"\"\n               data-image-slug=\"_dsc8153\"\n               class='thickbox' rel='4ced58141a45dcf9f215feedad665982'>\n                <img\n                    title=\"SONY DSC\"\n                    alt=\"SONY DSC\"\n                    src=\"http:\/\/16lo.tarman.pl\/wp-content\/gallery\/dzien-sybiraka-uroczystosci-poswiecone-pamieci-ofiar-agresji-zsrr-na-polske\/thumbs\/thumbs_DSC8153.JPG\"\n                    width=\"120\"\n                    height=\"90\"\n                    style=\"max-width:100%;\"\n                \/>\n            <\/a>\n        <\/div>\n\t\t\t\t\t\t\t<\/div> \n\t\t\t\n                            \n\t\t\t\t<div id=\"ngg-image-9\" class=\"ngg-gallery-thumbnail-box\" >\n\t\t\t\t        <div class=\"ngg-gallery-thumbnail\">\n            <a href=\"http:\/\/16lo.tarman.pl\/wp-content\/gallery\/dzien-sybiraka-uroczystosci-poswiecone-pamieci-ofiar-agresji-zsrr-na-polske\/DSC8154.JPG\"\n               title=\"\"\n               data-src=\"http:\/\/16lo.tarman.pl\/wp-content\/gallery\/dzien-sybiraka-uroczystosci-poswiecone-pamieci-ofiar-agresji-zsrr-na-polske\/DSC8154.JPG\"\n               data-thumbnail=\"http:\/\/16lo.tarman.pl\/wp-content\/gallery\/dzien-sybiraka-uroczystosci-poswiecone-pamieci-ofiar-agresji-zsrr-na-polske\/thumbs\/thumbs_DSC8154.JPG\"\n               data-image-id=\"24628\"\n               data-title=\"SONY DSC\"\n               data-description=\"\"\n               data-image-slug=\"_dsc8154\"\n               class='thickbox' rel='4ced58141a45dcf9f215feedad665982'>\n                <img\n                    title=\"SONY DSC\"\n                    alt=\"SONY DSC\"\n                    src=\"http:\/\/16lo.tarman.pl\/wp-content\/gallery\/dzien-sybiraka-uroczystosci-poswiecone-pamieci-ofiar-agresji-zsrr-na-polske\/thumbs\/thumbs_DSC8154.JPG\"\n                    width=\"120\"\n                    height=\"90\"\n                    style=\"max-width:100%;\"\n                \/>\n            <\/a>\n        <\/div>\n\t\t\t\t\t\t\t<\/div> \n\t\t\t\n                                    <br style=\"clear: both\" \/>\n                    \n\t\t\t\t<div id=\"ngg-image-10\" class=\"ngg-gallery-thumbnail-box\" >\n\t\t\t\t        <div class=\"ngg-gallery-thumbnail\">\n            <a href=\"http:\/\/16lo.tarman.pl\/wp-content\/gallery\/dzien-sybiraka-uroczystosci-poswiecone-pamieci-ofiar-agresji-zsrr-na-polske\/DSC8156.JPG\"\n               title=\"\"\n               data-src=\"http:\/\/16lo.tarman.pl\/wp-content\/gallery\/dzien-sybiraka-uroczystosci-poswiecone-pamieci-ofiar-agresji-zsrr-na-polske\/DSC8156.JPG\"\n               data-thumbnail=\"http:\/\/16lo.tarman.pl\/wp-content\/gallery\/dzien-sybiraka-uroczystosci-poswiecone-pamieci-ofiar-agresji-zsrr-na-polske\/thumbs\/thumbs_DSC8156.JPG\"\n               data-image-id=\"24629\"\n               data-title=\"SONY DSC\"\n               data-description=\"\"\n               data-image-slug=\"_dsc8156\"\n               class='thickbox' rel='4ced58141a45dcf9f215feedad665982'>\n                <img\n                    title=\"SONY DSC\"\n                    alt=\"SONY DSC\"\n                    src=\"http:\/\/16lo.tarman.pl\/wp-content\/gallery\/dzien-sybiraka-uroczystosci-poswiecone-pamieci-ofiar-agresji-zsrr-na-polske\/thumbs\/thumbs_DSC8156.JPG\"\n                    width=\"120\"\n                    height=\"90\"\n                    style=\"max-width:100%;\"\n                \/>\n            <\/a>\n        <\/div>\n\t\t\t\t\t\t\t<\/div> \n\t\t\t\n                            \n\t\t\t\t<div id=\"ngg-image-11\" class=\"ngg-gallery-thumbnail-box\" >\n\t\t\t\t        <div class=\"ngg-gallery-thumbnail\">\n            <a href=\"http:\/\/16lo.tarman.pl\/wp-content\/gallery\/dzien-sybiraka-uroczystosci-poswiecone-pamieci-ofiar-agresji-zsrr-na-polske\/DSC8169.JPG\"\n               title=\"\"\n               data-src=\"http:\/\/16lo.tarman.pl\/wp-content\/gallery\/dzien-sybiraka-uroczystosci-poswiecone-pamieci-ofiar-agresji-zsrr-na-polske\/DSC8169.JPG\"\n               data-thumbnail=\"http:\/\/16lo.tarman.pl\/wp-content\/gallery\/dzien-sybiraka-uroczystosci-poswiecone-pamieci-ofiar-agresji-zsrr-na-polske\/thumbs\/thumbs_DSC8169.JPG\"\n               data-image-id=\"24630\"\n               data-title=\"SONY DSC\"\n               data-description=\"\"\n               data-image-slug=\"_dsc8169\"\n               class='thickbox' rel='4ced58141a45dcf9f215feedad665982'>\n                <img\n                    title=\"SONY DSC\"\n                    alt=\"SONY DSC\"\n                    src=\"http:\/\/16lo.tarman.pl\/wp-content\/gallery\/dzien-sybiraka-uroczystosci-poswiecone-pamieci-ofiar-agresji-zsrr-na-polske\/thumbs\/thumbs_DSC8169.JPG\"\n                    width=\"120\"\n                    height=\"90\"\n                    style=\"max-width:100%;\"\n                \/>\n            <\/a>\n        <\/div>\n\t\t\t\t\t\t\t<\/div> \n\t\t\t\n                            \n\t\t\t\t<div id=\"ngg-image-12\" class=\"ngg-gallery-thumbnail-box\" >\n\t\t\t\t        <div class=\"ngg-gallery-thumbnail\">\n            <a href=\"http:\/\/16lo.tarman.pl\/wp-content\/gallery\/dzien-sybiraka-uroczystosci-poswiecone-pamieci-ofiar-agresji-zsrr-na-polske\/DSC8173.JPG\"\n               title=\"\"\n               data-src=\"http:\/\/16lo.tarman.pl\/wp-content\/gallery\/dzien-sybiraka-uroczystosci-poswiecone-pamieci-ofiar-agresji-zsrr-na-polske\/DSC8173.JPG\"\n               data-thumbnail=\"http:\/\/16lo.tarman.pl\/wp-content\/gallery\/dzien-sybiraka-uroczystosci-poswiecone-pamieci-ofiar-agresji-zsrr-na-polske\/thumbs\/thumbs_DSC8173.JPG\"\n               data-image-id=\"24631\"\n               data-title=\"SONY DSC\"\n               data-description=\"\"\n               data-image-slug=\"_dsc8173\"\n               class='thickbox' rel='4ced58141a45dcf9f215feedad665982'>\n                <img\n                    title=\"SONY DSC\"\n                    alt=\"SONY DSC\"\n                    src=\"http:\/\/16lo.tarman.pl\/wp-content\/gallery\/dzien-sybiraka-uroczystosci-poswiecone-pamieci-ofiar-agresji-zsrr-na-polske\/thumbs\/thumbs_DSC8173.JPG\"\n                    width=\"120\"\n                    height=\"90\"\n                    style=\"max-width:100%;\"\n                \/>\n            <\/a>\n        <\/div>\n\t\t\t\t\t\t\t<\/div> \n\t\t\t\n                            \n\t\t\t\t<div id=\"ngg-image-13\" class=\"ngg-gallery-thumbnail-box\" >\n\t\t\t\t        <div class=\"ngg-gallery-thumbnail\">\n            <a href=\"http:\/\/16lo.tarman.pl\/wp-content\/gallery\/dzien-sybiraka-uroczystosci-poswiecone-pamieci-ofiar-agresji-zsrr-na-polske\/DSC8181.JPG\"\n               title=\"\"\n               data-src=\"http:\/\/16lo.tarman.pl\/wp-content\/gallery\/dzien-sybiraka-uroczystosci-poswiecone-pamieci-ofiar-agresji-zsrr-na-polske\/DSC8181.JPG\"\n               data-thumbnail=\"http:\/\/16lo.tarman.pl\/wp-content\/gallery\/dzien-sybiraka-uroczystosci-poswiecone-pamieci-ofiar-agresji-zsrr-na-polske\/thumbs\/thumbs_DSC8181.JPG\"\n               data-image-id=\"24632\"\n               data-title=\"SONY DSC\"\n               data-description=\"\"\n               data-image-slug=\"_dsc8181\"\n               class='thickbox' rel='4ced58141a45dcf9f215feedad665982'>\n                <img\n                    title=\"SONY DSC\"\n                    alt=\"SONY DSC\"\n                    src=\"http:\/\/16lo.tarman.pl\/wp-content\/gallery\/dzien-sybiraka-uroczystosci-poswiecone-pamieci-ofiar-agresji-zsrr-na-polske\/thumbs\/thumbs_DSC8181.JPG\"\n                    width=\"120\"\n                    height=\"90\"\n                    style=\"max-width:100%;\"\n                \/>\n            <\/a>\n        <\/div>\n\t\t\t\t\t\t\t<\/div> \n\t\t\t\n                            \n\t\t\t\t<div id=\"ngg-image-14\" class=\"ngg-gallery-thumbnail-box\" >\n\t\t\t\t        <div class=\"ngg-gallery-thumbnail\">\n            <a href=\"http:\/\/16lo.tarman.pl\/wp-content\/gallery\/dzien-sybiraka-uroczystosci-poswiecone-pamieci-ofiar-agresji-zsrr-na-polske\/DSC8186.JPG\"\n               title=\"\"\n               data-src=\"http:\/\/16lo.tarman.pl\/wp-content\/gallery\/dzien-sybiraka-uroczystosci-poswiecone-pamieci-ofiar-agresji-zsrr-na-polske\/DSC8186.JPG\"\n               data-thumbnail=\"http:\/\/16lo.tarman.pl\/wp-content\/gallery\/dzien-sybiraka-uroczystosci-poswiecone-pamieci-ofiar-agresji-zsrr-na-polske\/thumbs\/thumbs_DSC8186.JPG\"\n               data-image-id=\"24633\"\n               data-title=\"SONY DSC\"\n               data-description=\"\"\n               data-image-slug=\"_dsc8186\"\n               class='thickbox' rel='4ced58141a45dcf9f215feedad665982'>\n                <img\n                    title=\"SONY DSC\"\n                    alt=\"SONY DSC\"\n                    src=\"http:\/\/16lo.tarman.pl\/wp-content\/gallery\/dzien-sybiraka-uroczystosci-poswiecone-pamieci-ofiar-agresji-zsrr-na-polske\/thumbs\/thumbs_DSC8186.JPG\"\n                    width=\"120\"\n                    height=\"90\"\n                    style=\"max-width:100%;\"\n                \/>\n            <\/a>\n        <\/div>\n\t\t\t\t\t\t\t<\/div> \n\t\t\t\n                                    <br style=\"clear: both\" \/>\n                    \n\t\t\t\t<div id=\"ngg-image-15\" class=\"ngg-gallery-thumbnail-box\" >\n\t\t\t\t        <div class=\"ngg-gallery-thumbnail\">\n            <a href=\"http:\/\/16lo.tarman.pl\/wp-content\/gallery\/dzien-sybiraka-uroczystosci-poswiecone-pamieci-ofiar-agresji-zsrr-na-polske\/DSC8193.JPG\"\n               title=\"\"\n               data-src=\"http:\/\/16lo.tarman.pl\/wp-content\/gallery\/dzien-sybiraka-uroczystosci-poswiecone-pamieci-ofiar-agresji-zsrr-na-polske\/DSC8193.JPG\"\n               data-thumbnail=\"http:\/\/16lo.tarman.pl\/wp-content\/gallery\/dzien-sybiraka-uroczystosci-poswiecone-pamieci-ofiar-agresji-zsrr-na-polske\/thumbs\/thumbs_DSC8193.JPG\"\n               data-image-id=\"24634\"\n               data-title=\"SONY DSC\"\n               data-description=\"\"\n               data-image-slug=\"_dsc8193\"\n               class='thickbox' rel='4ced58141a45dcf9f215feedad665982'>\n                <img\n                    title=\"SONY DSC\"\n                    alt=\"SONY DSC\"\n                    src=\"http:\/\/16lo.tarman.pl\/wp-content\/gallery\/dzien-sybiraka-uroczystosci-poswiecone-pamieci-ofiar-agresji-zsrr-na-polske\/thumbs\/thumbs_DSC8193.JPG\"\n                    width=\"120\"\n                    height=\"90\"\n                    style=\"max-width:100%;\"\n                \/>\n            <\/a>\n        <\/div>\n\t\t\t\t\t\t\t<\/div> \n\t\t\t\n                            \n\t\t\t\t<div id=\"ngg-image-16\" class=\"ngg-gallery-thumbnail-box\" >\n\t\t\t\t        <div class=\"ngg-gallery-thumbnail\">\n            <a href=\"http:\/\/16lo.tarman.pl\/wp-content\/gallery\/dzien-sybiraka-uroczystosci-poswiecone-pamieci-ofiar-agresji-zsrr-na-polske\/DSC8194.JPG\"\n               title=\"\"\n               data-src=\"http:\/\/16lo.tarman.pl\/wp-content\/gallery\/dzien-sybiraka-uroczystosci-poswiecone-pamieci-ofiar-agresji-zsrr-na-polske\/DSC8194.JPG\"\n               data-thumbnail=\"http:\/\/16lo.tarman.pl\/wp-content\/gallery\/dzien-sybiraka-uroczystosci-poswiecone-pamieci-ofiar-agresji-zsrr-na-polske\/thumbs\/thumbs_DSC8194.JPG\"\n               data-image-id=\"24635\"\n               data-title=\"SONY DSC\"\n               data-description=\"\"\n               data-image-slug=\"_dsc8194\"\n               class='thickbox' rel='4ced58141a45dcf9f215feedad665982'>\n                <img\n                    title=\"SONY DSC\"\n                    alt=\"SONY DSC\"\n                    src=\"http:\/\/16lo.tarman.pl\/wp-content\/gallery\/dzien-sybiraka-uroczystosci-poswiecone-pamieci-ofiar-agresji-zsrr-na-polske\/thumbs\/thumbs_DSC8194.JPG\"\n                    width=\"120\"\n                    height=\"90\"\n                    style=\"max-width:100%;\"\n                \/>\n            <\/a>\n        <\/div>\n\t\t\t\t\t\t\t<\/div> \n\t\t\t\n                            \n\t\t\t\t<div id=\"ngg-image-17\" class=\"ngg-gallery-thumbnail-box\" >\n\t\t\t\t        <div class=\"ngg-gallery-thumbnail\">\n            <a href=\"http:\/\/16lo.tarman.pl\/wp-content\/gallery\/dzien-sybiraka-uroczystosci-poswiecone-pamieci-ofiar-agresji-zsrr-na-polske\/DSC8198.JPG\"\n               title=\"\"\n               data-src=\"http:\/\/16lo.tarman.pl\/wp-content\/gallery\/dzien-sybiraka-uroczystosci-poswiecone-pamieci-ofiar-agresji-zsrr-na-polske\/DSC8198.JPG\"\n               data-thumbnail=\"http:\/\/16lo.tarman.pl\/wp-content\/gallery\/dzien-sybiraka-uroczystosci-poswiecone-pamieci-ofiar-agresji-zsrr-na-polske\/thumbs\/thumbs_DSC8198.JPG\"\n               data-image-id=\"24636\"\n               data-title=\"SONY DSC\"\n               data-description=\"\"\n               data-image-slug=\"_dsc8198\"\n               class='thickbox' rel='4ced58141a45dcf9f215feedad665982'>\n                <img\n                    title=\"SONY DSC\"\n                    alt=\"SONY DSC\"\n                    src=\"http:\/\/16lo.tarman.pl\/wp-content\/gallery\/dzien-sybiraka-uroczystosci-poswiecone-pamieci-ofiar-agresji-zsrr-na-polske\/thumbs\/thumbs_DSC8198.JPG\"\n                    width=\"120\"\n                    height=\"90\"\n                    style=\"max-width:100%;\"\n                \/>\n            <\/a>\n        <\/div>\n\t\t\t\t\t\t\t<\/div> \n\t\t\t\n                            \n\t\t\t\t<div id=\"ngg-image-18\" class=\"ngg-gallery-thumbnail-box\" >\n\t\t\t\t        <div class=\"ngg-gallery-thumbnail\">\n            <a href=\"http:\/\/16lo.tarman.pl\/wp-content\/gallery\/dzien-sybiraka-uroczystosci-poswiecone-pamieci-ofiar-agresji-zsrr-na-polske\/DSC8199.JPG\"\n               title=\"\"\n               data-src=\"http:\/\/16lo.tarman.pl\/wp-content\/gallery\/dzien-sybiraka-uroczystosci-poswiecone-pamieci-ofiar-agresji-zsrr-na-polske\/DSC8199.JPG\"\n               data-thumbnail=\"http:\/\/16lo.tarman.pl\/wp-content\/gallery\/dzien-sybiraka-uroczystosci-poswiecone-pamieci-ofiar-agresji-zsrr-na-polske\/thumbs\/thumbs_DSC8199.JPG\"\n               data-image-id=\"24637\"\n               data-title=\"SONY DSC\"\n               data-description=\"\"\n               data-image-slug=\"_dsc8199\"\n               class='thickbox' rel='4ced58141a45dcf9f215feedad665982'>\n                <img\n                    title=\"SONY DSC\"\n                    alt=\"SONY DSC\"\n                    src=\"http:\/\/16lo.tarman.pl\/wp-content\/gallery\/dzien-sybiraka-uroczystosci-poswiecone-pamieci-ofiar-agresji-zsrr-na-polske\/thumbs\/thumbs_DSC8199.JPG\"\n                    width=\"120\"\n                    height=\"90\"\n                    style=\"max-width:100%;\"\n                \/>\n            <\/a>\n        <\/div>\n\t\t\t\t\t\t\t<\/div> \n\t\t\t\n                            \n\t\t\t\t<div id=\"ngg-image-19\" class=\"ngg-gallery-thumbnail-box\" >\n\t\t\t\t        <div class=\"ngg-gallery-thumbnail\">\n            <a href=\"http:\/\/16lo.tarman.pl\/wp-content\/gallery\/dzien-sybiraka-uroczystosci-poswiecone-pamieci-ofiar-agresji-zsrr-na-polske\/DSC8200.JPG\"\n               title=\"\"\n               data-src=\"http:\/\/16lo.tarman.pl\/wp-content\/gallery\/dzien-sybiraka-uroczystosci-poswiecone-pamieci-ofiar-agresji-zsrr-na-polske\/DSC8200.JPG\"\n               data-thumbnail=\"http:\/\/16lo.tarman.pl\/wp-content\/gallery\/dzien-sybiraka-uroczystosci-poswiecone-pamieci-ofiar-agresji-zsrr-na-polske\/thumbs\/thumbs_DSC8200.JPG\"\n               data-image-id=\"24638\"\n               data-title=\"SONY DSC\"\n               data-description=\"\"\n               data-image-slug=\"_dsc8200\"\n               class='thickbox' rel='4ced58141a45dcf9f215feedad665982'>\n                <img\n                    title=\"SONY DSC\"\n                    alt=\"SONY DSC\"\n                    src=\"http:\/\/16lo.tarman.pl\/wp-content\/gallery\/dzien-sybiraka-uroczystosci-poswiecone-pamieci-ofiar-agresji-zsrr-na-polske\/thumbs\/thumbs_DSC8200.JPG\"\n                    width=\"120\"\n                    height=\"90\"\n                    style=\"max-width:100%;\"\n                \/>\n            <\/a>\n        <\/div>\n\t\t\t\t\t\t\t<\/div> \n\t\t\t\n                                    <br style=\"clear: both\" \/>\n                    \n\t\t\t\t<div id=\"ngg-image-20\" class=\"ngg-gallery-thumbnail-box\" >\n\t\t\t\t        <div class=\"ngg-gallery-thumbnail\">\n            <a href=\"http:\/\/16lo.tarman.pl\/wp-content\/gallery\/dzien-sybiraka-uroczystosci-poswiecone-pamieci-ofiar-agresji-zsrr-na-polske\/DSC8201.JPG\"\n               title=\"\"\n               data-src=\"http:\/\/16lo.tarman.pl\/wp-content\/gallery\/dzien-sybiraka-uroczystosci-poswiecone-pamieci-ofiar-agresji-zsrr-na-polske\/DSC8201.JPG\"\n               data-thumbnail=\"http:\/\/16lo.tarman.pl\/wp-content\/gallery\/dzien-sybiraka-uroczystosci-poswiecone-pamieci-ofiar-agresji-zsrr-na-polske\/thumbs\/thumbs_DSC8201.JPG\"\n               data-image-id=\"24639\"\n               data-title=\"SONY DSC\"\n               data-description=\"\"\n               data-image-slug=\"_dsc8201\"\n               class='thickbox' rel='4ced58141a45dcf9f215feedad665982'>\n                <img\n                    title=\"SONY DSC\"\n                    alt=\"SONY DSC\"\n                    src=\"http:\/\/16lo.tarman.pl\/wp-content\/gallery\/dzien-sybiraka-uroczystosci-poswiecone-pamieci-ofiar-agresji-zsrr-na-polske\/thumbs\/thumbs_DSC8201.JPG\"\n                    width=\"120\"\n                    height=\"90\"\n                    style=\"max-width:100%;\"\n                \/>\n            <\/a>\n        <\/div>\n\t\t\t\t\t\t\t<\/div> \n\t\t\t\n                            \n\t\t\t\t<div id=\"ngg-image-21\" class=\"ngg-gallery-thumbnail-box\" >\n\t\t\t\t        <div class=\"ngg-gallery-thumbnail\">\n            <a href=\"http:\/\/16lo.tarman.pl\/wp-content\/gallery\/dzien-sybiraka-uroczystosci-poswiecone-pamieci-ofiar-agresji-zsrr-na-polske\/DSC8202.JPG\"\n               title=\"\"\n               data-src=\"http:\/\/16lo.tarman.pl\/wp-content\/gallery\/dzien-sybiraka-uroczystosci-poswiecone-pamieci-ofiar-agresji-zsrr-na-polske\/DSC8202.JPG\"\n               data-thumbnail=\"http:\/\/16lo.tarman.pl\/wp-content\/gallery\/dzien-sybiraka-uroczystosci-poswiecone-pamieci-ofiar-agresji-zsrr-na-polske\/thumbs\/thumbs_DSC8202.JPG\"\n               data-image-id=\"24640\"\n               data-title=\"SONY DSC\"\n               data-description=\"\"\n               data-image-slug=\"_dsc8202\"\n               class='thickbox' rel='4ced58141a45dcf9f215feedad665982'>\n                <img\n                    title=\"SONY DSC\"\n                    alt=\"SONY DSC\"\n                    src=\"http:\/\/16lo.tarman.pl\/wp-content\/gallery\/dzien-sybiraka-uroczystosci-poswiecone-pamieci-ofiar-agresji-zsrr-na-polske\/thumbs\/thumbs_DSC8202.JPG\"\n                    width=\"120\"\n                    height=\"90\"\n                    style=\"max-width:100%;\"\n                \/>\n            <\/a>\n        <\/div>\n\t\t\t\t\t\t\t<\/div> \n\t\t\t\n                            \n\t\t\t\t<div id=\"ngg-image-22\" class=\"ngg-gallery-thumbnail-box\" >\n\t\t\t\t        <div class=\"ngg-gallery-thumbnail\">\n            <a href=\"http:\/\/16lo.tarman.pl\/wp-content\/gallery\/dzien-sybiraka-uroczystosci-poswiecone-pamieci-ofiar-agresji-zsrr-na-polske\/DSC8203.JPG\"\n               title=\"\"\n               data-src=\"http:\/\/16lo.tarman.pl\/wp-content\/gallery\/dzien-sybiraka-uroczystosci-poswiecone-pamieci-ofiar-agresji-zsrr-na-polske\/DSC8203.JPG\"\n               data-thumbnail=\"http:\/\/16lo.tarman.pl\/wp-content\/gallery\/dzien-sybiraka-uroczystosci-poswiecone-pamieci-ofiar-agresji-zsrr-na-polske\/thumbs\/thumbs_DSC8203.JPG\"\n               data-image-id=\"24641\"\n               data-title=\"SONY DSC\"\n               data-description=\"\"\n               data-image-slug=\"_dsc8203\"\n               class='thickbox' rel='4ced58141a45dcf9f215feedad665982'>\n                <img\n                    title=\"SONY DSC\"\n                    alt=\"SONY DSC\"\n                    src=\"http:\/\/16lo.tarman.pl\/wp-content\/gallery\/dzien-sybiraka-uroczystosci-poswiecone-pamieci-ofiar-agresji-zsrr-na-polske\/thumbs\/thumbs_DSC8203.JPG\"\n                    width=\"120\"\n                    height=\"90\"\n                    style=\"max-width:100%;\"\n                \/>\n            <\/a>\n        <\/div>\n\t\t\t\t\t\t\t<\/div> \n\t\t\t\n                            \n\t\t\t\t<div id=\"ngg-image-23\" class=\"ngg-gallery-thumbnail-box\" >\n\t\t\t\t        <div class=\"ngg-gallery-thumbnail\">\n            <a href=\"http:\/\/16lo.tarman.pl\/wp-content\/gallery\/dzien-sybiraka-uroczystosci-poswiecone-pamieci-ofiar-agresji-zsrr-na-polske\/DSC8204.JPG\"\n               title=\"\"\n               data-src=\"http:\/\/16lo.tarman.pl\/wp-content\/gallery\/dzien-sybiraka-uroczystosci-poswiecone-pamieci-ofiar-agresji-zsrr-na-polske\/DSC8204.JPG\"\n               data-thumbnail=\"http:\/\/16lo.tarman.pl\/wp-content\/gallery\/dzien-sybiraka-uroczystosci-poswiecone-pamieci-ofiar-agresji-zsrr-na-polske\/thumbs\/thumbs_DSC8204.JPG\"\n               data-image-id=\"24642\"\n               data-title=\"SONY DSC\"\n               data-description=\"\"\n               data-image-slug=\"_dsc8204\"\n               class='thickbox' rel='4ced58141a45dcf9f215feedad665982'>\n                <img\n                    title=\"SONY DSC\"\n                    alt=\"SONY DSC\"\n                    src=\"http:\/\/16lo.tarman.pl\/wp-content\/gallery\/dzien-sybiraka-uroczystosci-poswiecone-pamieci-ofiar-agresji-zsrr-na-polske\/thumbs\/thumbs_DSC8204.JPG\"\n                    width=\"120\"\n                    height=\"90\"\n                    style=\"max-width:100%;\"\n                \/>\n            <\/a>\n        <\/div>\n\t\t\t\t\t\t\t<\/div> \n\t\t\t\n                            \n\t\t\t\t<div id=\"ngg-image-24\" class=\"ngg-gallery-thumbnail-box\" >\n\t\t\t\t        <div class=\"ngg-gallery-thumbnail\">\n            <a href=\"http:\/\/16lo.tarman.pl\/wp-content\/gallery\/dzien-sybiraka-uroczystosci-poswiecone-pamieci-ofiar-agresji-zsrr-na-polske\/DSC8205.JPG\"\n               title=\"\"\n               data-src=\"http:\/\/16lo.tarman.pl\/wp-content\/gallery\/dzien-sybiraka-uroczystosci-poswiecone-pamieci-ofiar-agresji-zsrr-na-polske\/DSC8205.JPG\"\n               data-thumbnail=\"http:\/\/16lo.tarman.pl\/wp-content\/gallery\/dzien-sybiraka-uroczystosci-poswiecone-pamieci-ofiar-agresji-zsrr-na-polske\/thumbs\/thumbs_DSC8205.JPG\"\n               data-image-id=\"24643\"\n               data-title=\"SONY DSC\"\n               data-description=\"\"\n               data-image-slug=\"_dsc8205\"\n               class='thickbox' rel='4ced58141a45dcf9f215feedad665982'>\n                <img\n                    title=\"SONY DSC\"\n                    alt=\"SONY DSC\"\n                    src=\"http:\/\/16lo.tarman.pl\/wp-content\/gallery\/dzien-sybiraka-uroczystosci-poswiecone-pamieci-ofiar-agresji-zsrr-na-polske\/thumbs\/thumbs_DSC8205.JPG\"\n                    width=\"120\"\n                    height=\"90\"\n                    style=\"max-width:100%;\"\n                \/>\n            <\/a>\n        <\/div>\n\t\t\t\t\t\t\t<\/div> \n\t\t\t\n                                    <br style=\"clear: both\" \/>\n                    \n\t\t\n\t\t<!-- Pagination -->\n\t<div class='ngg-navigation'><span class=\"current\">1<\/span><a class=\"page-numbers\" data-pageid=\"2\" href=\"http:\/\/16lo.tarman.pl\/index.php\/nggallery\/page\/2?p=18194\">2<\/a><a class=\"page-numbers\" data-pageid=\"3\" href=\"http:\/\/16lo.tarman.pl\/index.php\/nggallery\/page\/3?p=18194\">3<\/a><a class=\"page-numbers\" data-pageid=\"4\" href=\"http:\/\/16lo.tarman.pl\/index.php\/nggallery\/page\/4?p=18194\">4<\/a><a class=\"page-numbers\" data-pageid=\"5\" href=\"http:\/\/16lo.tarman.pl\/index.php\/nggallery\/page\/5?p=18194\">5<\/a><a class=\"page-numbers\" data-pageid=\"6\" href=\"http:\/\/16lo.tarman.pl\/index.php\/nggallery\/page\/6?p=18194\">6<\/a><a class=\"next\" data-pageid=\"2\" id=\"ngg-next-2\" href=\"http:\/\/16lo.tarman.pl\/index.php\/nggallery\/page\/2?p=18194\">&#9658;<\/a><\/div>\t<\/div>\n<\/strong><\/p>\n","protected":false},"excerpt":{"rendered":"<p>Wszyscy znamy pami\u0119tn\u0105 dat\u0119 17 wrze\u015bnia 1939. W rocznic\u0119 napa\u015bci rosyjskiej na Polsk\u0119 obchodzimy od [&#8230;]<\/p>\n","protected":false},"author":1,"featured_media":0,"comment_status":"closed","ping_status":"closed","sticky":false,"template":"","format":"standard","meta":{"ngg_post_thumbnail":0},"categories":[237],"tags":[],"_links":{"self":[{"href":"http:\/\/16lo.tarman.pl\/index.php?rest_route=\/wp\/v2\/posts\/18194"}],"collection":[{"href":"http:\/\/16lo.tarman.pl\/index.php?rest_route=\/wp\/v2\/posts"}],"about":[{"href":"http:\/\/16lo.tarman.pl\/index.php?rest_route=\/wp\/v2\/types\/post"}],"author":[{"embeddable":true,"href":"http:\/\/16lo.tarman.pl\/index.php?rest_route=\/wp\/v2\/users\/1"}],"replies":[{"embeddable":true,"href":"http:\/\/16lo.tarman.pl\/index.php?rest_route=%2Fwp%2Fv2%2Fcomments&post=18194"}],"version-history":[{"count":1,"href":"http:\/\/16lo.tarman.pl\/index.php?rest_route=\/wp\/v2\/posts\/18194\/revisions"}],"predecessor-version":[{"id":18476,"href":"http:\/\/16lo.tarman.pl\/index.php?rest_route=\/wp\/v2\/posts\/18194\/revisions\/18476"}],"wp:attachment":[{"href":"http:\/\/16lo.tarman.pl\/index.php?rest_route=%2Fwp%2Fv2%2Fmedia&parent=18194"}],"wp:term":[{"taxonomy":"category","embeddable":true,"href":"http:\/\/16lo.tarman.pl\/index.php?rest_route=%2Fwp%2Fv2%2Fcategories&post=18194"},{"taxonomy":"post_tag","embeddable":true,"href":"http:\/\/16lo.tarman.pl\/index.php?rest_route=%2Fwp%2Fv2%2Ftags&post=18194"}],"curies":[{"name":"wp","href":"https:\/\/api.w.org\/{rel}","templated":true}]}}