{"id":13023,"date":"2015-05-20T06:53:57","date_gmt":"2015-05-20T06:53:57","guid":{"rendered":"http:\/\/16lo.tarman.pl\/?p=13023"},"modified":"2015-05-20T06:53:35","modified_gmt":"2015-05-20T06:53:35","slug":"drodzy-gimnazjalisci","status":"publish","type":"post","link":"http:\/\/16lo.tarman.pl\/?p=13023","title":{"rendered":"Drodzy Gimnazjali\u015bci!"},"content":{"rendered":"<p style=\"text-align: justify;\">W zwi\u0105zku z uroczysto\u015bciami w patronackiej Jednostce Wojskowej Krak\u00f3w \u2013 Balice w dniu 21 maja 2015 r. i uczestnictwie m\u0142odzie\u017cy naszej szko\u0142y, kolejny <strong>Dzie\u0144 Otwarty<\/strong> szko\u0142y i r\u00f3wnocze\u015bnie <strong>Dzie\u0144 Kadeta<\/strong> jest przeniesiony na <strong>22 maja 2015 r<\/strong>. (pi\u0105tek).<\/p>\n<p style=\"text-align: justify;\">Serdecznie zapraszamy!!!<\/p>\n<p style=\"text-align: justify;\">Dyrektor szko\u0142y<\/p>\n<p style=\"text-align: justify;\">Ewa Witecka<\/p>\n","protected":false},"excerpt":{"rendered":"<p>W zwi\u0105zku z uroczysto\u015bciami w patronackiej Jednostce Wojskowej Krak\u00f3w \u2013 Balice w dniu 21 maja [&#8230;]<\/p>\n","protected":false},"author":1,"featured_media":0,"comment_status":"closed","ping_status":"closed","sticky":false,"template":"","format":"standard","meta":{"ngg_post_thumbnail":0},"categories":[7,230,67],"tags":[],"_links":{"self":[{"href":"http:\/\/16lo.tarman.pl\/index.php?rest_route=\/wp\/v2\/posts\/13023"}],"collection":[{"href":"http:\/\/16lo.tarman.pl\/index.php?rest_route=\/wp\/v2\/posts"}],"about":[{"href":"http:\/\/16lo.tarman.pl\/index.php?rest_route=\/wp\/v2\/types\/post"}],"author":[{"embeddable":true,"href":"http:\/\/16lo.tarman.pl\/index.php?rest_route=\/wp\/v2\/users\/1"}],"replies":[{"embeddable":true,"href":"http:\/\/16lo.tarman.pl\/index.php?rest_route=%2Fwp%2Fv2%2Fcomments&post=13023"}],"version-history":[{"count":1,"href":"http:\/\/16lo.tarman.pl\/index.php?rest_route=\/wp\/v2\/posts\/13023\/revisions"}],"predecessor-version":[{"id":13024,"href":"http:\/\/16lo.tarman.pl\/index.php?rest_route=\/wp\/v2\/posts\/13023\/revisions\/13024"}],"wp:attachment":[{"href":"http:\/\/16lo.tarman.pl\/index.php?rest_route=%2Fwp%2Fv2%2Fmedia&parent=13023"}],"wp:term":[{"taxonomy":"category","embeddable":true,"href":"http:\/\/16lo.tarman.pl\/index.php?rest_route=%2Fwp%2Fv2%2Fcategories&post=13023"},{"taxonomy":"post_tag","embeddable":true,"href":"http:\/\/16lo.tarman.pl\/index.php?rest_route=%2Fwp%2Fv2%2Ftags&post=13023"}],"curies":[{"name":"wp","href":"https:\/\/api.w.org\/{rel}","templated":true}]}}