{"id":1011,"date":"2009-09-28T21:50:11","date_gmt":"2009-09-28T21:50:11","guid":{"rendered":"http:\/\/16lo.tarman.pl\/?p=1011"},"modified":"2014-10-07T11:21:58","modified_gmt":"2014-10-07T11:21:58","slug":"odsloniecie-tablicy-upamietniajacej-nadanie-imienia-pasowanie-klas-pierwszych","status":"publish","type":"post","link":"http:\/\/16lo.tarman.pl\/?p=1011","title":{"rendered":"Ods\u0142oni\u0119cie tablicy upami\u0119tniaj\u0105cej nadanie imienia, pasowanie klas pierwszych"},"content":{"rendered":"<p><strong><!-- index.php -->\n<div\n\tclass=\"ngg-galleryoverview ngg-ajax-pagination-none\"\n\tid=\"ngg-gallery-3d7f6a300a5c94c7c66d5419a4e6b295-1\">\n\n    \t<div class=\"slideshowlink\">\n        <a href='http:\/\/16lo.tarman.pl\/index.php\/nggallery\/slideshow?p=1011'>[Show slideshow]<\/a>\n\t\t\n\t<\/div>\n\t\t\t<!-- Thumbnails -->\n\t\t\t\t<div id=\"ngg-image-0\" class=\"ngg-gallery-thumbnail-box\" >\n\t\t\t\t        <div class=\"ngg-gallery-thumbnail\">\n            <a href=\"http:\/\/16lo.tarman.pl\/wp-content\/gallery\/odsloniecie-tablicy-upamietniajacej-nadanie-imienia-pasowanie-klas-pierwszych\/umt01_imagelarge.jpg\"\n               title=\"\"\n               data-src=\"http:\/\/16lo.tarman.pl\/wp-content\/gallery\/odsloniecie-tablicy-upamietniajacej-nadanie-imienia-pasowanie-klas-pierwszych\/umt01_imagelarge.jpg\"\n               data-thumbnail=\"http:\/\/16lo.tarman.pl\/wp-content\/gallery\/odsloniecie-tablicy-upamietniajacej-nadanie-imienia-pasowanie-klas-pierwszych\/thumbs\/thumbs_umt01_imagelarge.jpg\"\n               data-image-id=\"1816\"\n               data-title=\"umt01_imagelarge\"\n               data-description=\"\"\n               data-image-slug=\"umt01_imagelarge\"\n               class='thickbox' rel='3d7f6a300a5c94c7c66d5419a4e6b295'>\n                <img\n                    title=\"umt01_imagelarge\"\n                    alt=\"umt01_imagelarge\"\n                    src=\"http:\/\/16lo.tarman.pl\/wp-content\/gallery\/odsloniecie-tablicy-upamietniajacej-nadanie-imienia-pasowanie-klas-pierwszych\/thumbs\/thumbs_umt01_imagelarge.jpg\"\n                    width=\"100\"\n                    height=\"75\"\n                    style=\"max-width:100%;\"\n                \/>\n            <\/a>\n        <\/div>\n\t\t\t\t\t\t\t<\/div> \n\t\t\t\n                            \n\t\t\t\t<div id=\"ngg-image-1\" class=\"ngg-gallery-thumbnail-box\" >\n\t\t\t\t        <div class=\"ngg-gallery-thumbnail\">\n            <a href=\"http:\/\/16lo.tarman.pl\/wp-content\/gallery\/odsloniecie-tablicy-upamietniajacej-nadanie-imienia-pasowanie-klas-pierwszych\/umt02_imagelarge.jpg\"\n               title=\"\"\n               data-src=\"http:\/\/16lo.tarman.pl\/wp-content\/gallery\/odsloniecie-tablicy-upamietniajacej-nadanie-imienia-pasowanie-klas-pierwszych\/umt02_imagelarge.jpg\"\n               data-thumbnail=\"http:\/\/16lo.tarman.pl\/wp-content\/gallery\/odsloniecie-tablicy-upamietniajacej-nadanie-imienia-pasowanie-klas-pierwszych\/thumbs\/thumbs_umt02_imagelarge.jpg\"\n               data-image-id=\"1817\"\n               data-title=\"umt02_imagelarge\"\n               data-description=\"\"\n               data-image-slug=\"umt02_imagelarge\"\n               class='thickbox' rel='3d7f6a300a5c94c7c66d5419a4e6b295'>\n                <img\n                    title=\"umt02_imagelarge\"\n                    alt=\"umt02_imagelarge\"\n                    src=\"http:\/\/16lo.tarman.pl\/wp-content\/gallery\/odsloniecie-tablicy-upamietniajacej-nadanie-imienia-pasowanie-klas-pierwszych\/thumbs\/thumbs_umt02_imagelarge.jpg\"\n                    width=\"100\"\n                    height=\"75\"\n                    style=\"max-width:100%;\"\n                \/>\n            <\/a>\n        <\/div>\n\t\t\t\t\t\t\t<\/div> \n\t\t\t\n                            \n\t\t\t\t<div id=\"ngg-image-2\" class=\"ngg-gallery-thumbnail-box\" >\n\t\t\t\t        <div class=\"ngg-gallery-thumbnail\">\n            <a href=\"http:\/\/16lo.tarman.pl\/wp-content\/gallery\/odsloniecie-tablicy-upamietniajacej-nadanie-imienia-pasowanie-klas-pierwszych\/umt03_imagelarge.jpg\"\n               title=\"\"\n               data-src=\"http:\/\/16lo.tarman.pl\/wp-content\/gallery\/odsloniecie-tablicy-upamietniajacej-nadanie-imienia-pasowanie-klas-pierwszych\/umt03_imagelarge.jpg\"\n               data-thumbnail=\"http:\/\/16lo.tarman.pl\/wp-content\/gallery\/odsloniecie-tablicy-upamietniajacej-nadanie-imienia-pasowanie-klas-pierwszych\/thumbs\/thumbs_umt03_imagelarge.jpg\"\n               data-image-id=\"1818\"\n               data-title=\"umt03_imagelarge\"\n               data-description=\"\"\n               data-image-slug=\"umt03_imagelarge\"\n               class='thickbox' rel='3d7f6a300a5c94c7c66d5419a4e6b295'>\n                <img\n                    title=\"umt03_imagelarge\"\n                    alt=\"umt03_imagelarge\"\n                    src=\"http:\/\/16lo.tarman.pl\/wp-content\/gallery\/odsloniecie-tablicy-upamietniajacej-nadanie-imienia-pasowanie-klas-pierwszych\/thumbs\/thumbs_umt03_imagelarge.jpg\"\n                    width=\"100\"\n                    height=\"75\"\n                    style=\"max-width:100%;\"\n                \/>\n            <\/a>\n        <\/div>\n\t\t\t\t\t\t\t<\/div> \n\t\t\t\n                            \n\t\t\t\t<div id=\"ngg-image-3\" class=\"ngg-gallery-thumbnail-box\" >\n\t\t\t\t        <div class=\"ngg-gallery-thumbnail\">\n            <a href=\"http:\/\/16lo.tarman.pl\/wp-content\/gallery\/odsloniecie-tablicy-upamietniajacej-nadanie-imienia-pasowanie-klas-pierwszych\/umt04_imagelarge.jpg\"\n               title=\"\"\n               data-src=\"http:\/\/16lo.tarman.pl\/wp-content\/gallery\/odsloniecie-tablicy-upamietniajacej-nadanie-imienia-pasowanie-klas-pierwszych\/umt04_imagelarge.jpg\"\n               data-thumbnail=\"http:\/\/16lo.tarman.pl\/wp-content\/gallery\/odsloniecie-tablicy-upamietniajacej-nadanie-imienia-pasowanie-klas-pierwszych\/thumbs\/thumbs_umt04_imagelarge.jpg\"\n               data-image-id=\"1819\"\n               data-title=\"umt04_imagelarge\"\n               data-description=\"\"\n               data-image-slug=\"umt04_imagelarge\"\n               class='thickbox' rel='3d7f6a300a5c94c7c66d5419a4e6b295'>\n                <img\n                    title=\"umt04_imagelarge\"\n                    alt=\"umt04_imagelarge\"\n                    src=\"http:\/\/16lo.tarman.pl\/wp-content\/gallery\/odsloniecie-tablicy-upamietniajacej-nadanie-imienia-pasowanie-klas-pierwszych\/thumbs\/thumbs_umt04_imagelarge.jpg\"\n                    width=\"100\"\n                    height=\"75\"\n                    style=\"max-width:100%;\"\n                \/>\n            <\/a>\n        <\/div>\n\t\t\t\t\t\t\t<\/div> \n\t\t\t\n                            \n\t\t\t\t<div id=\"ngg-image-4\" class=\"ngg-gallery-thumbnail-box\" >\n\t\t\t\t        <div class=\"ngg-gallery-thumbnail\">\n            <a href=\"http:\/\/16lo.tarman.pl\/wp-content\/gallery\/odsloniecie-tablicy-upamietniajacej-nadanie-imienia-pasowanie-klas-pierwszych\/umt05_imagelarge.jpg\"\n               title=\"\"\n               data-src=\"http:\/\/16lo.tarman.pl\/wp-content\/gallery\/odsloniecie-tablicy-upamietniajacej-nadanie-imienia-pasowanie-klas-pierwszych\/umt05_imagelarge.jpg\"\n               data-thumbnail=\"http:\/\/16lo.tarman.pl\/wp-content\/gallery\/odsloniecie-tablicy-upamietniajacej-nadanie-imienia-pasowanie-klas-pierwszych\/thumbs\/thumbs_umt05_imagelarge.jpg\"\n               data-image-id=\"1820\"\n               data-title=\"umt05_imagelarge\"\n               data-description=\"\"\n               data-image-slug=\"umt05_imagelarge\"\n               class='thickbox' rel='3d7f6a300a5c94c7c66d5419a4e6b295'>\n                <img\n                    title=\"umt05_imagelarge\"\n                    alt=\"umt05_imagelarge\"\n                    src=\"http:\/\/16lo.tarman.pl\/wp-content\/gallery\/odsloniecie-tablicy-upamietniajacej-nadanie-imienia-pasowanie-klas-pierwszych\/thumbs\/thumbs_umt05_imagelarge.jpg\"\n                    width=\"100\"\n                    height=\"75\"\n                    style=\"max-width:100%;\"\n                \/>\n            <\/a>\n        <\/div>\n\t\t\t\t\t\t\t<\/div> \n\t\t\t\n                                    <br style=\"clear: both\" \/>\n                    \n\t\t\t\t<div id=\"ngg-image-5\" class=\"ngg-gallery-thumbnail-box\" >\n\t\t\t\t        <div class=\"ngg-gallery-thumbnail\">\n            <a href=\"http:\/\/16lo.tarman.pl\/wp-content\/gallery\/odsloniecie-tablicy-upamietniajacej-nadanie-imienia-pasowanie-klas-pierwszych\/umt06_imagelarge.jpg\"\n               title=\"\"\n               data-src=\"http:\/\/16lo.tarman.pl\/wp-content\/gallery\/odsloniecie-tablicy-upamietniajacej-nadanie-imienia-pasowanie-klas-pierwszych\/umt06_imagelarge.jpg\"\n               data-thumbnail=\"http:\/\/16lo.tarman.pl\/wp-content\/gallery\/odsloniecie-tablicy-upamietniajacej-nadanie-imienia-pasowanie-klas-pierwszych\/thumbs\/thumbs_umt06_imagelarge.jpg\"\n               data-image-id=\"1821\"\n               data-title=\"umt06_imagelarge\"\n               data-description=\"\"\n               data-image-slug=\"umt06_imagelarge\"\n               class='thickbox' rel='3d7f6a300a5c94c7c66d5419a4e6b295'>\n                <img\n                    title=\"umt06_imagelarge\"\n                    alt=\"umt06_imagelarge\"\n                    src=\"http:\/\/16lo.tarman.pl\/wp-content\/gallery\/odsloniecie-tablicy-upamietniajacej-nadanie-imienia-pasowanie-klas-pierwszych\/thumbs\/thumbs_umt06_imagelarge.jpg\"\n                    width=\"100\"\n                    height=\"75\"\n                    style=\"max-width:100%;\"\n                \/>\n            <\/a>\n        <\/div>\n\t\t\t\t\t\t\t<\/div> \n\t\t\t\n                            \n\t\t\t\t<div id=\"ngg-image-6\" class=\"ngg-gallery-thumbnail-box\" >\n\t\t\t\t        <div class=\"ngg-gallery-thumbnail\">\n            <a href=\"http:\/\/16lo.tarman.pl\/wp-content\/gallery\/odsloniecie-tablicy-upamietniajacej-nadanie-imienia-pasowanie-klas-pierwszych\/umt07_imagelarge.jpg\"\n               title=\"\"\n               data-src=\"http:\/\/16lo.tarman.pl\/wp-content\/gallery\/odsloniecie-tablicy-upamietniajacej-nadanie-imienia-pasowanie-klas-pierwszych\/umt07_imagelarge.jpg\"\n               data-thumbnail=\"http:\/\/16lo.tarman.pl\/wp-content\/gallery\/odsloniecie-tablicy-upamietniajacej-nadanie-imienia-pasowanie-klas-pierwszych\/thumbs\/thumbs_umt07_imagelarge.jpg\"\n               data-image-id=\"1822\"\n               data-title=\"umt07_imagelarge\"\n               data-description=\"\"\n               data-image-slug=\"umt07_imagelarge\"\n               class='thickbox' rel='3d7f6a300a5c94c7c66d5419a4e6b295'>\n                <img\n                    title=\"umt07_imagelarge\"\n                    alt=\"umt07_imagelarge\"\n                    src=\"http:\/\/16lo.tarman.pl\/wp-content\/gallery\/odsloniecie-tablicy-upamietniajacej-nadanie-imienia-pasowanie-klas-pierwszych\/thumbs\/thumbs_umt07_imagelarge.jpg\"\n                    width=\"100\"\n                    height=\"75\"\n                    style=\"max-width:100%;\"\n                \/>\n            <\/a>\n        <\/div>\n\t\t\t\t\t\t\t<\/div> \n\t\t\t\n                            \n\t\t\t\t<div id=\"ngg-image-7\" class=\"ngg-gallery-thumbnail-box\" >\n\t\t\t\t        <div class=\"ngg-gallery-thumbnail\">\n            <a href=\"http:\/\/16lo.tarman.pl\/wp-content\/gallery\/odsloniecie-tablicy-upamietniajacej-nadanie-imienia-pasowanie-klas-pierwszych\/umt08_imagelarge.jpg\"\n               title=\"\"\n               data-src=\"http:\/\/16lo.tarman.pl\/wp-content\/gallery\/odsloniecie-tablicy-upamietniajacej-nadanie-imienia-pasowanie-klas-pierwszych\/umt08_imagelarge.jpg\"\n               data-thumbnail=\"http:\/\/16lo.tarman.pl\/wp-content\/gallery\/odsloniecie-tablicy-upamietniajacej-nadanie-imienia-pasowanie-klas-pierwszych\/thumbs\/thumbs_umt08_imagelarge.jpg\"\n               data-image-id=\"1823\"\n               data-title=\"umt08_imagelarge\"\n               data-description=\"\"\n               data-image-slug=\"umt08_imagelarge\"\n               class='thickbox' rel='3d7f6a300a5c94c7c66d5419a4e6b295'>\n                <img\n                    title=\"umt08_imagelarge\"\n                    alt=\"umt08_imagelarge\"\n                    src=\"http:\/\/16lo.tarman.pl\/wp-content\/gallery\/odsloniecie-tablicy-upamietniajacej-nadanie-imienia-pasowanie-klas-pierwszych\/thumbs\/thumbs_umt08_imagelarge.jpg\"\n                    width=\"100\"\n                    height=\"75\"\n                    style=\"max-width:100%;\"\n                \/>\n            <\/a>\n        <\/div>\n\t\t\t\t\t\t\t<\/div> \n\t\t\t\n                            \n\t\t\t\t<div id=\"ngg-image-8\" class=\"ngg-gallery-thumbnail-box\" >\n\t\t\t\t        <div class=\"ngg-gallery-thumbnail\">\n            <a href=\"http:\/\/16lo.tarman.pl\/wp-content\/gallery\/odsloniecie-tablicy-upamietniajacej-nadanie-imienia-pasowanie-klas-pierwszych\/umt09_imagelarge.jpg\"\n               title=\"\"\n               data-src=\"http:\/\/16lo.tarman.pl\/wp-content\/gallery\/odsloniecie-tablicy-upamietniajacej-nadanie-imienia-pasowanie-klas-pierwszych\/umt09_imagelarge.jpg\"\n               data-thumbnail=\"http:\/\/16lo.tarman.pl\/wp-content\/gallery\/odsloniecie-tablicy-upamietniajacej-nadanie-imienia-pasowanie-klas-pierwszych\/thumbs\/thumbs_umt09_imagelarge.jpg\"\n               data-image-id=\"1824\"\n               data-title=\"umt09_imagelarge\"\n               data-description=\"\"\n               data-image-slug=\"umt09_imagelarge\"\n               class='thickbox' rel='3d7f6a300a5c94c7c66d5419a4e6b295'>\n                <img\n                    title=\"umt09_imagelarge\"\n                    alt=\"umt09_imagelarge\"\n                    src=\"http:\/\/16lo.tarman.pl\/wp-content\/gallery\/odsloniecie-tablicy-upamietniajacej-nadanie-imienia-pasowanie-klas-pierwszych\/thumbs\/thumbs_umt09_imagelarge.jpg\"\n                    width=\"100\"\n                    height=\"75\"\n                    style=\"max-width:100%;\"\n                \/>\n            <\/a>\n        <\/div>\n\t\t\t\t\t\t\t<\/div> \n\t\t\t\n                            \n\t\t\t\t<div id=\"ngg-image-9\" class=\"ngg-gallery-thumbnail-box\" >\n\t\t\t\t        <div class=\"ngg-gallery-thumbnail\">\n            <a href=\"http:\/\/16lo.tarman.pl\/wp-content\/gallery\/odsloniecie-tablicy-upamietniajacej-nadanie-imienia-pasowanie-klas-pierwszych\/umt10_imagelarge.jpg\"\n               title=\"\"\n               data-src=\"http:\/\/16lo.tarman.pl\/wp-content\/gallery\/odsloniecie-tablicy-upamietniajacej-nadanie-imienia-pasowanie-klas-pierwszych\/umt10_imagelarge.jpg\"\n               data-thumbnail=\"http:\/\/16lo.tarman.pl\/wp-content\/gallery\/odsloniecie-tablicy-upamietniajacej-nadanie-imienia-pasowanie-klas-pierwszych\/thumbs\/thumbs_umt10_imagelarge.jpg\"\n               data-image-id=\"1825\"\n               data-title=\"umt10_imagelarge\"\n               data-description=\"\"\n               data-image-slug=\"umt10_imagelarge\"\n               class='thickbox' rel='3d7f6a300a5c94c7c66d5419a4e6b295'>\n                <img\n                    title=\"umt10_imagelarge\"\n                    alt=\"umt10_imagelarge\"\n                    src=\"http:\/\/16lo.tarman.pl\/wp-content\/gallery\/odsloniecie-tablicy-upamietniajacej-nadanie-imienia-pasowanie-klas-pierwszych\/thumbs\/thumbs_umt10_imagelarge.jpg\"\n                    width=\"100\"\n                    height=\"75\"\n                    style=\"max-width:100%;\"\n                \/>\n            <\/a>\n        <\/div>\n\t\t\t\t\t\t\t<\/div> \n\t\t\t\n                                    <br style=\"clear: both\" \/>\n                    \n\t\t\t\t<div id=\"ngg-image-10\" class=\"ngg-gallery-thumbnail-box\" >\n\t\t\t\t        <div class=\"ngg-gallery-thumbnail\">\n            <a href=\"http:\/\/16lo.tarman.pl\/wp-content\/gallery\/odsloniecie-tablicy-upamietniajacej-nadanie-imienia-pasowanie-klas-pierwszych\/umt11_imagelarge.jpg\"\n               title=\"\"\n               data-src=\"http:\/\/16lo.tarman.pl\/wp-content\/gallery\/odsloniecie-tablicy-upamietniajacej-nadanie-imienia-pasowanie-klas-pierwszych\/umt11_imagelarge.jpg\"\n               data-thumbnail=\"http:\/\/16lo.tarman.pl\/wp-content\/gallery\/odsloniecie-tablicy-upamietniajacej-nadanie-imienia-pasowanie-klas-pierwszych\/thumbs\/thumbs_umt11_imagelarge.jpg\"\n               data-image-id=\"1826\"\n               data-title=\"umt11_imagelarge\"\n               data-description=\"\"\n               data-image-slug=\"umt11_imagelarge\"\n               class='thickbox' rel='3d7f6a300a5c94c7c66d5419a4e6b295'>\n                <img\n                    title=\"umt11_imagelarge\"\n                    alt=\"umt11_imagelarge\"\n                    src=\"http:\/\/16lo.tarman.pl\/wp-content\/gallery\/odsloniecie-tablicy-upamietniajacej-nadanie-imienia-pasowanie-klas-pierwszych\/thumbs\/thumbs_umt11_imagelarge.jpg\"\n                    width=\"100\"\n                    height=\"75\"\n                    style=\"max-width:100%;\"\n                \/>\n            <\/a>\n        <\/div>\n\t\t\t\t\t\t\t<\/div> \n\t\t\t\n                            \n\t\t\t\t<div id=\"ngg-image-11\" class=\"ngg-gallery-thumbnail-box\" >\n\t\t\t\t        <div class=\"ngg-gallery-thumbnail\">\n            <a href=\"http:\/\/16lo.tarman.pl\/wp-content\/gallery\/odsloniecie-tablicy-upamietniajacej-nadanie-imienia-pasowanie-klas-pierwszych\/umt12_imagelarge.jpg\"\n               title=\"\"\n               data-src=\"http:\/\/16lo.tarman.pl\/wp-content\/gallery\/odsloniecie-tablicy-upamietniajacej-nadanie-imienia-pasowanie-klas-pierwszych\/umt12_imagelarge.jpg\"\n               data-thumbnail=\"http:\/\/16lo.tarman.pl\/wp-content\/gallery\/odsloniecie-tablicy-upamietniajacej-nadanie-imienia-pasowanie-klas-pierwszych\/thumbs\/thumbs_umt12_imagelarge.jpg\"\n               data-image-id=\"1827\"\n               data-title=\"umt12_imagelarge\"\n               data-description=\"\"\n               data-image-slug=\"umt12_imagelarge\"\n               class='thickbox' rel='3d7f6a300a5c94c7c66d5419a4e6b295'>\n                <img\n                    title=\"umt12_imagelarge\"\n                    alt=\"umt12_imagelarge\"\n                    src=\"http:\/\/16lo.tarman.pl\/wp-content\/gallery\/odsloniecie-tablicy-upamietniajacej-nadanie-imienia-pasowanie-klas-pierwszych\/thumbs\/thumbs_umt12_imagelarge.jpg\"\n                    width=\"100\"\n                    height=\"75\"\n                    style=\"max-width:100%;\"\n                \/>\n            <\/a>\n        <\/div>\n\t\t\t\t\t\t\t<\/div> \n\t\t\t\n                            \n\t\t\t\t<div id=\"ngg-image-12\" class=\"ngg-gallery-thumbnail-box\" >\n\t\t\t\t        <div class=\"ngg-gallery-thumbnail\">\n            <a href=\"http:\/\/16lo.tarman.pl\/wp-content\/gallery\/odsloniecie-tablicy-upamietniajacej-nadanie-imienia-pasowanie-klas-pierwszych\/umt13_imagelarge.jpg\"\n               title=\"\"\n               data-src=\"http:\/\/16lo.tarman.pl\/wp-content\/gallery\/odsloniecie-tablicy-upamietniajacej-nadanie-imienia-pasowanie-klas-pierwszych\/umt13_imagelarge.jpg\"\n               data-thumbnail=\"http:\/\/16lo.tarman.pl\/wp-content\/gallery\/odsloniecie-tablicy-upamietniajacej-nadanie-imienia-pasowanie-klas-pierwszych\/thumbs\/thumbs_umt13_imagelarge.jpg\"\n               data-image-id=\"1828\"\n               data-title=\"umt13_imagelarge\"\n               data-description=\"\"\n               data-image-slug=\"umt13_imagelarge\"\n               class='thickbox' rel='3d7f6a300a5c94c7c66d5419a4e6b295'>\n                <img\n                    title=\"umt13_imagelarge\"\n                    alt=\"umt13_imagelarge\"\n                    src=\"http:\/\/16lo.tarman.pl\/wp-content\/gallery\/odsloniecie-tablicy-upamietniajacej-nadanie-imienia-pasowanie-klas-pierwszych\/thumbs\/thumbs_umt13_imagelarge.jpg\"\n                    width=\"100\"\n                    height=\"75\"\n                    style=\"max-width:100%;\"\n                \/>\n            <\/a>\n        <\/div>\n\t\t\t\t\t\t\t<\/div> \n\t\t\t\n                            \n\t\t\t\t<div id=\"ngg-image-13\" class=\"ngg-gallery-thumbnail-box\" >\n\t\t\t\t        <div class=\"ngg-gallery-thumbnail\">\n            <a href=\"http:\/\/16lo.tarman.pl\/wp-content\/gallery\/odsloniecie-tablicy-upamietniajacej-nadanie-imienia-pasowanie-klas-pierwszych\/umt14_imagelarge.jpg\"\n               title=\"\"\n               data-src=\"http:\/\/16lo.tarman.pl\/wp-content\/gallery\/odsloniecie-tablicy-upamietniajacej-nadanie-imienia-pasowanie-klas-pierwszych\/umt14_imagelarge.jpg\"\n               data-thumbnail=\"http:\/\/16lo.tarman.pl\/wp-content\/gallery\/odsloniecie-tablicy-upamietniajacej-nadanie-imienia-pasowanie-klas-pierwszych\/thumbs\/thumbs_umt14_imagelarge.jpg\"\n               data-image-id=\"1829\"\n               data-title=\"umt14_imagelarge\"\n               data-description=\"\"\n               data-image-slug=\"umt14_imagelarge\"\n               class='thickbox' rel='3d7f6a300a5c94c7c66d5419a4e6b295'>\n                <img\n                    title=\"umt14_imagelarge\"\n                    alt=\"umt14_imagelarge\"\n                    src=\"http:\/\/16lo.tarman.pl\/wp-content\/gallery\/odsloniecie-tablicy-upamietniajacej-nadanie-imienia-pasowanie-klas-pierwszych\/thumbs\/thumbs_umt14_imagelarge.jpg\"\n                    width=\"100\"\n                    height=\"75\"\n                    style=\"max-width:100%;\"\n                \/>\n            <\/a>\n        <\/div>\n\t\t\t\t\t\t\t<\/div> \n\t\t\t\n                            \n\t\t\t\t<div id=\"ngg-image-14\" class=\"ngg-gallery-thumbnail-box\" >\n\t\t\t\t        <div class=\"ngg-gallery-thumbnail\">\n            <a href=\"http:\/\/16lo.tarman.pl\/wp-content\/gallery\/odsloniecie-tablicy-upamietniajacej-nadanie-imienia-pasowanie-klas-pierwszych\/umt15_imagelarge.jpg\"\n               title=\"\"\n               data-src=\"http:\/\/16lo.tarman.pl\/wp-content\/gallery\/odsloniecie-tablicy-upamietniajacej-nadanie-imienia-pasowanie-klas-pierwszych\/umt15_imagelarge.jpg\"\n               data-thumbnail=\"http:\/\/16lo.tarman.pl\/wp-content\/gallery\/odsloniecie-tablicy-upamietniajacej-nadanie-imienia-pasowanie-klas-pierwszych\/thumbs\/thumbs_umt15_imagelarge.jpg\"\n               data-image-id=\"1830\"\n               data-title=\"umt15_imagelarge\"\n               data-description=\"\"\n               data-image-slug=\"umt15_imagelarge\"\n               class='thickbox' rel='3d7f6a300a5c94c7c66d5419a4e6b295'>\n                <img\n                    title=\"umt15_imagelarge\"\n                    alt=\"umt15_imagelarge\"\n                    src=\"http:\/\/16lo.tarman.pl\/wp-content\/gallery\/odsloniecie-tablicy-upamietniajacej-nadanie-imienia-pasowanie-klas-pierwszych\/thumbs\/thumbs_umt15_imagelarge.jpg\"\n                    width=\"100\"\n                    height=\"75\"\n                    style=\"max-width:100%;\"\n                \/>\n            <\/a>\n        <\/div>\n\t\t\t\t\t\t\t<\/div> \n\t\t\t\n                                    <br style=\"clear: both\" \/>\n                    \n\t\t\t\t<div id=\"ngg-image-15\" class=\"ngg-gallery-thumbnail-box\" >\n\t\t\t\t        <div class=\"ngg-gallery-thumbnail\">\n            <a href=\"http:\/\/16lo.tarman.pl\/wp-content\/gallery\/odsloniecie-tablicy-upamietniajacej-nadanie-imienia-pasowanie-klas-pierwszych\/umt16_imagelarge.jpg\"\n               title=\"\"\n               data-src=\"http:\/\/16lo.tarman.pl\/wp-content\/gallery\/odsloniecie-tablicy-upamietniajacej-nadanie-imienia-pasowanie-klas-pierwszych\/umt16_imagelarge.jpg\"\n               data-thumbnail=\"http:\/\/16lo.tarman.pl\/wp-content\/gallery\/odsloniecie-tablicy-upamietniajacej-nadanie-imienia-pasowanie-klas-pierwszych\/thumbs\/thumbs_umt16_imagelarge.jpg\"\n               data-image-id=\"1831\"\n               data-title=\"umt16_imagelarge\"\n               data-description=\"\"\n               data-image-slug=\"umt16_imagelarge\"\n               class='thickbox' rel='3d7f6a300a5c94c7c66d5419a4e6b295'>\n                <img\n                    title=\"umt16_imagelarge\"\n                    alt=\"umt16_imagelarge\"\n                    src=\"http:\/\/16lo.tarman.pl\/wp-content\/gallery\/odsloniecie-tablicy-upamietniajacej-nadanie-imienia-pasowanie-klas-pierwszych\/thumbs\/thumbs_umt16_imagelarge.jpg\"\n                    width=\"100\"\n                    height=\"75\"\n                    style=\"max-width:100%;\"\n                \/>\n            <\/a>\n        <\/div>\n\t\t\t\t\t\t\t<\/div> \n\t\t\t\n                            \n\t\t\t\t<div id=\"ngg-image-16\" class=\"ngg-gallery-thumbnail-box\" >\n\t\t\t\t        <div class=\"ngg-gallery-thumbnail\">\n            <a href=\"http:\/\/16lo.tarman.pl\/wp-content\/gallery\/odsloniecie-tablicy-upamietniajacej-nadanie-imienia-pasowanie-klas-pierwszych\/umt17_imagelarge.jpg\"\n               title=\"\"\n               data-src=\"http:\/\/16lo.tarman.pl\/wp-content\/gallery\/odsloniecie-tablicy-upamietniajacej-nadanie-imienia-pasowanie-klas-pierwszych\/umt17_imagelarge.jpg\"\n               data-thumbnail=\"http:\/\/16lo.tarman.pl\/wp-content\/gallery\/odsloniecie-tablicy-upamietniajacej-nadanie-imienia-pasowanie-klas-pierwszych\/thumbs\/thumbs_umt17_imagelarge.jpg\"\n               data-image-id=\"1832\"\n               data-title=\"umt17_imagelarge\"\n               data-description=\"\"\n               data-image-slug=\"umt17_imagelarge\"\n               class='thickbox' rel='3d7f6a300a5c94c7c66d5419a4e6b295'>\n                <img\n                    title=\"umt17_imagelarge\"\n                    alt=\"umt17_imagelarge\"\n                    src=\"http:\/\/16lo.tarman.pl\/wp-content\/gallery\/odsloniecie-tablicy-upamietniajacej-nadanie-imienia-pasowanie-klas-pierwszych\/thumbs\/thumbs_umt17_imagelarge.jpg\"\n                    width=\"100\"\n                    height=\"75\"\n                    style=\"max-width:100%;\"\n                \/>\n            <\/a>\n        <\/div>\n\t\t\t\t\t\t\t<\/div> \n\t\t\t\n                            \n\t\t\t\t<div id=\"ngg-image-17\" class=\"ngg-gallery-thumbnail-box\" >\n\t\t\t\t        <div class=\"ngg-gallery-thumbnail\">\n            <a href=\"http:\/\/16lo.tarman.pl\/wp-content\/gallery\/odsloniecie-tablicy-upamietniajacej-nadanie-imienia-pasowanie-klas-pierwszych\/umt18_imagelarge.jpg\"\n               title=\"\"\n               data-src=\"http:\/\/16lo.tarman.pl\/wp-content\/gallery\/odsloniecie-tablicy-upamietniajacej-nadanie-imienia-pasowanie-klas-pierwszych\/umt18_imagelarge.jpg\"\n               data-thumbnail=\"http:\/\/16lo.tarman.pl\/wp-content\/gallery\/odsloniecie-tablicy-upamietniajacej-nadanie-imienia-pasowanie-klas-pierwszych\/thumbs\/thumbs_umt18_imagelarge.jpg\"\n               data-image-id=\"1833\"\n               data-title=\"umt18_imagelarge\"\n               data-description=\"\"\n               data-image-slug=\"umt18_imagelarge\"\n               class='thickbox' rel='3d7f6a300a5c94c7c66d5419a4e6b295'>\n                <img\n                    title=\"umt18_imagelarge\"\n                    alt=\"umt18_imagelarge\"\n                    src=\"http:\/\/16lo.tarman.pl\/wp-content\/gallery\/odsloniecie-tablicy-upamietniajacej-nadanie-imienia-pasowanie-klas-pierwszych\/thumbs\/thumbs_umt18_imagelarge.jpg\"\n                    width=\"100\"\n                    height=\"75\"\n                    style=\"max-width:100%;\"\n                \/>\n            <\/a>\n        <\/div>\n\t\t\t\t\t\t\t<\/div> \n\t\t\t\n                            \n\t\t\t\t<div id=\"ngg-image-18\" class=\"ngg-gallery-thumbnail-box\" >\n\t\t\t\t        <div class=\"ngg-gallery-thumbnail\">\n            <a href=\"http:\/\/16lo.tarman.pl\/wp-content\/gallery\/odsloniecie-tablicy-upamietniajacej-nadanie-imienia-pasowanie-klas-pierwszych\/umt19_imagelarge.jpg\"\n               title=\"\"\n               data-src=\"http:\/\/16lo.tarman.pl\/wp-content\/gallery\/odsloniecie-tablicy-upamietniajacej-nadanie-imienia-pasowanie-klas-pierwszych\/umt19_imagelarge.jpg\"\n               data-thumbnail=\"http:\/\/16lo.tarman.pl\/wp-content\/gallery\/odsloniecie-tablicy-upamietniajacej-nadanie-imienia-pasowanie-klas-pierwszych\/thumbs\/thumbs_umt19_imagelarge.jpg\"\n               data-image-id=\"1834\"\n               data-title=\"umt19_imagelarge\"\n               data-description=\"\"\n               data-image-slug=\"umt19_imagelarge\"\n               class='thickbox' rel='3d7f6a300a5c94c7c66d5419a4e6b295'>\n                <img\n                    title=\"umt19_imagelarge\"\n                    alt=\"umt19_imagelarge\"\n                    src=\"http:\/\/16lo.tarman.pl\/wp-content\/gallery\/odsloniecie-tablicy-upamietniajacej-nadanie-imienia-pasowanie-klas-pierwszych\/thumbs\/thumbs_umt19_imagelarge.jpg\"\n                    width=\"100\"\n                    height=\"75\"\n                    style=\"max-width:100%;\"\n                \/>\n            <\/a>\n        <\/div>\n\t\t\t\t\t\t\t<\/div> \n\t\t\t\n                            \n\t\t\t\t<div id=\"ngg-image-19\" class=\"ngg-gallery-thumbnail-box\" >\n\t\t\t\t        <div class=\"ngg-gallery-thumbnail\">\n            <a href=\"http:\/\/16lo.tarman.pl\/wp-content\/gallery\/odsloniecie-tablicy-upamietniajacej-nadanie-imienia-pasowanie-klas-pierwszych\/umt20_imagelarge.jpg\"\n               title=\"\"\n               data-src=\"http:\/\/16lo.tarman.pl\/wp-content\/gallery\/odsloniecie-tablicy-upamietniajacej-nadanie-imienia-pasowanie-klas-pierwszych\/umt20_imagelarge.jpg\"\n               data-thumbnail=\"http:\/\/16lo.tarman.pl\/wp-content\/gallery\/odsloniecie-tablicy-upamietniajacej-nadanie-imienia-pasowanie-klas-pierwszych\/thumbs\/thumbs_umt20_imagelarge.jpg\"\n               data-image-id=\"1835\"\n               data-title=\"umt20_imagelarge\"\n               data-description=\"\"\n               data-image-slug=\"umt20_imagelarge\"\n               class='thickbox' rel='3d7f6a300a5c94c7c66d5419a4e6b295'>\n                <img\n                    title=\"umt20_imagelarge\"\n                    alt=\"umt20_imagelarge\"\n                    src=\"http:\/\/16lo.tarman.pl\/wp-content\/gallery\/odsloniecie-tablicy-upamietniajacej-nadanie-imienia-pasowanie-klas-pierwszych\/thumbs\/thumbs_umt20_imagelarge.jpg\"\n                    width=\"100\"\n                    height=\"75\"\n                    style=\"max-width:100%;\"\n                \/>\n            <\/a>\n        <\/div>\n\t\t\t\t\t\t\t<\/div> \n\t\t\t\n                                    <br style=\"clear: both\" \/>\n                    \n\t\t\t\t<div id=\"ngg-image-20\" class=\"ngg-gallery-thumbnail-box\" >\n\t\t\t\t        <div class=\"ngg-gallery-thumbnail\">\n            <a href=\"http:\/\/16lo.tarman.pl\/wp-content\/gallery\/odsloniecie-tablicy-upamietniajacej-nadanie-imienia-pasowanie-klas-pierwszych\/umt21_imagelarge.jpg\"\n               title=\"\"\n               data-src=\"http:\/\/16lo.tarman.pl\/wp-content\/gallery\/odsloniecie-tablicy-upamietniajacej-nadanie-imienia-pasowanie-klas-pierwszych\/umt21_imagelarge.jpg\"\n               data-thumbnail=\"http:\/\/16lo.tarman.pl\/wp-content\/gallery\/odsloniecie-tablicy-upamietniajacej-nadanie-imienia-pasowanie-klas-pierwszych\/thumbs\/thumbs_umt21_imagelarge.jpg\"\n               data-image-id=\"1836\"\n               data-title=\"umt21_imagelarge\"\n               data-description=\"\"\n               data-image-slug=\"umt21_imagelarge\"\n               class='thickbox' rel='3d7f6a300a5c94c7c66d5419a4e6b295'>\n                <img\n                    title=\"umt21_imagelarge\"\n                    alt=\"umt21_imagelarge\"\n                    src=\"http:\/\/16lo.tarman.pl\/wp-content\/gallery\/odsloniecie-tablicy-upamietniajacej-nadanie-imienia-pasowanie-klas-pierwszych\/thumbs\/thumbs_umt21_imagelarge.jpg\"\n                    width=\"100\"\n                    height=\"75\"\n                    style=\"max-width:100%;\"\n                \/>\n            <\/a>\n        <\/div>\n\t\t\t\t\t\t\t<\/div> \n\t\t\t\n                            \n\t\t\t\t<div id=\"ngg-image-21\" class=\"ngg-gallery-thumbnail-box\" >\n\t\t\t\t        <div class=\"ngg-gallery-thumbnail\">\n            <a href=\"http:\/\/16lo.tarman.pl\/wp-content\/gallery\/odsloniecie-tablicy-upamietniajacej-nadanie-imienia-pasowanie-klas-pierwszych\/umt22_imagelarge.jpg\"\n               title=\"\"\n               data-src=\"http:\/\/16lo.tarman.pl\/wp-content\/gallery\/odsloniecie-tablicy-upamietniajacej-nadanie-imienia-pasowanie-klas-pierwszych\/umt22_imagelarge.jpg\"\n               data-thumbnail=\"http:\/\/16lo.tarman.pl\/wp-content\/gallery\/odsloniecie-tablicy-upamietniajacej-nadanie-imienia-pasowanie-klas-pierwszych\/thumbs\/thumbs_umt22_imagelarge.jpg\"\n               data-image-id=\"1837\"\n               data-title=\"umt22_imagelarge\"\n               data-description=\"\"\n               data-image-slug=\"umt22_imagelarge\"\n               class='thickbox' rel='3d7f6a300a5c94c7c66d5419a4e6b295'>\n                <img\n                    title=\"umt22_imagelarge\"\n                    alt=\"umt22_imagelarge\"\n                    src=\"http:\/\/16lo.tarman.pl\/wp-content\/gallery\/odsloniecie-tablicy-upamietniajacej-nadanie-imienia-pasowanie-klas-pierwszych\/thumbs\/thumbs_umt22_imagelarge.jpg\"\n                    width=\"100\"\n                    height=\"75\"\n                    style=\"max-width:100%;\"\n                \/>\n            <\/a>\n        <\/div>\n\t\t\t\t\t\t\t<\/div> \n\t\t\t\n                            \n\t\t\t\t<div id=\"ngg-image-22\" class=\"ngg-gallery-thumbnail-box\" >\n\t\t\t\t        <div class=\"ngg-gallery-thumbnail\">\n            <a href=\"http:\/\/16lo.tarman.pl\/wp-content\/gallery\/odsloniecie-tablicy-upamietniajacej-nadanie-imienia-pasowanie-klas-pierwszych\/umt23_imagelarge.jpg\"\n               title=\"\"\n               data-src=\"http:\/\/16lo.tarman.pl\/wp-content\/gallery\/odsloniecie-tablicy-upamietniajacej-nadanie-imienia-pasowanie-klas-pierwszych\/umt23_imagelarge.jpg\"\n               data-thumbnail=\"http:\/\/16lo.tarman.pl\/wp-content\/gallery\/odsloniecie-tablicy-upamietniajacej-nadanie-imienia-pasowanie-klas-pierwszych\/thumbs\/thumbs_umt23_imagelarge.jpg\"\n               data-image-id=\"1838\"\n               data-title=\"umt23_imagelarge\"\n               data-description=\"\"\n               data-image-slug=\"umt23_imagelarge\"\n               class='thickbox' rel='3d7f6a300a5c94c7c66d5419a4e6b295'>\n                <img\n                    title=\"umt23_imagelarge\"\n                    alt=\"umt23_imagelarge\"\n                    src=\"http:\/\/16lo.tarman.pl\/wp-content\/gallery\/odsloniecie-tablicy-upamietniajacej-nadanie-imienia-pasowanie-klas-pierwszych\/thumbs\/thumbs_umt23_imagelarge.jpg\"\n                    width=\"100\"\n                    height=\"75\"\n                    style=\"max-width:100%;\"\n                \/>\n            <\/a>\n        <\/div>\n\t\t\t\t\t\t\t<\/div> \n\t\t\t\n                            \n\t\t\t\t<div id=\"ngg-image-23\" class=\"ngg-gallery-thumbnail-box\" >\n\t\t\t\t        <div class=\"ngg-gallery-thumbnail\">\n            <a href=\"http:\/\/16lo.tarman.pl\/wp-content\/gallery\/odsloniecie-tablicy-upamietniajacej-nadanie-imienia-pasowanie-klas-pierwszych\/umt24_imagelarge.jpg\"\n               title=\"\"\n               data-src=\"http:\/\/16lo.tarman.pl\/wp-content\/gallery\/odsloniecie-tablicy-upamietniajacej-nadanie-imienia-pasowanie-klas-pierwszych\/umt24_imagelarge.jpg\"\n               data-thumbnail=\"http:\/\/16lo.tarman.pl\/wp-content\/gallery\/odsloniecie-tablicy-upamietniajacej-nadanie-imienia-pasowanie-klas-pierwszych\/thumbs\/thumbs_umt24_imagelarge.jpg\"\n               data-image-id=\"1839\"\n               data-title=\"umt24_imagelarge\"\n               data-description=\"\"\n               data-image-slug=\"umt24_imagelarge\"\n               class='thickbox' rel='3d7f6a300a5c94c7c66d5419a4e6b295'>\n                <img\n                    title=\"umt24_imagelarge\"\n                    alt=\"umt24_imagelarge\"\n                    src=\"http:\/\/16lo.tarman.pl\/wp-content\/gallery\/odsloniecie-tablicy-upamietniajacej-nadanie-imienia-pasowanie-klas-pierwszych\/thumbs\/thumbs_umt24_imagelarge.jpg\"\n                    width=\"100\"\n                    height=\"75\"\n                    style=\"max-width:100%;\"\n                \/>\n            <\/a>\n        <\/div>\n\t\t\t\t\t\t\t<\/div> \n\t\t\t\n                            \n\t\t\t\t<div id=\"ngg-image-24\" class=\"ngg-gallery-thumbnail-box\" >\n\t\t\t\t        <div class=\"ngg-gallery-thumbnail\">\n            <a href=\"http:\/\/16lo.tarman.pl\/wp-content\/gallery\/odsloniecie-tablicy-upamietniajacej-nadanie-imienia-pasowanie-klas-pierwszych\/umt25_imagelarge.jpg\"\n               title=\"\"\n               data-src=\"http:\/\/16lo.tarman.pl\/wp-content\/gallery\/odsloniecie-tablicy-upamietniajacej-nadanie-imienia-pasowanie-klas-pierwszych\/umt25_imagelarge.jpg\"\n               data-thumbnail=\"http:\/\/16lo.tarman.pl\/wp-content\/gallery\/odsloniecie-tablicy-upamietniajacej-nadanie-imienia-pasowanie-klas-pierwszych\/thumbs\/thumbs_umt25_imagelarge.jpg\"\n               data-image-id=\"1840\"\n               data-title=\"umt25_imagelarge\"\n               data-description=\"\"\n               data-image-slug=\"umt25_imagelarge\"\n               class='thickbox' rel='3d7f6a300a5c94c7c66d5419a4e6b295'>\n                <img\n                    title=\"umt25_imagelarge\"\n                    alt=\"umt25_imagelarge\"\n                    src=\"http:\/\/16lo.tarman.pl\/wp-content\/gallery\/odsloniecie-tablicy-upamietniajacej-nadanie-imienia-pasowanie-klas-pierwszych\/thumbs\/thumbs_umt25_imagelarge.jpg\"\n                    width=\"100\"\n                    height=\"75\"\n                    style=\"max-width:100%;\"\n                \/>\n            <\/a>\n        <\/div>\n\t\t\t\t\t\t\t<\/div> \n\t\t\t\n                                    <br style=\"clear: both\" \/>\n                    \n\t\t\n\t\t<!-- Pagination -->\n\t<div class='ngg-navigation'><span class=\"current\">1<\/span><a class=\"page-numbers\" data-pageid=\"2\" href=\"http:\/\/16lo.tarman.pl\/index.php\/nggallery\/page\/2?p=1011\">2<\/a><a class=\"next\" data-pageid=\"2\" id=\"ngg-next-2\" href=\"http:\/\/16lo.tarman.pl\/index.php\/nggallery\/page\/2?p=1011\">&#9658;<\/a><\/div>\t<\/div>\n<\/strong><\/p>\n","protected":false},"excerpt":{"rendered":"","protected":false},"author":1,"featured_media":0,"comment_status":"closed","ping_status":"closed","sticky":false,"template":"","format":"standard","meta":{"ngg_post_thumbnail":0},"categories":[1,212],"tags":[],"_links":{"self":[{"href":"http:\/\/16lo.tarman.pl\/index.php?rest_route=\/wp\/v2\/posts\/1011"}],"collection":[{"href":"http:\/\/16lo.tarman.pl\/index.php?rest_route=\/wp\/v2\/posts"}],"about":[{"href":"http:\/\/16lo.tarman.pl\/index.php?rest_route=\/wp\/v2\/types\/post"}],"author":[{"embeddable":true,"href":"http:\/\/16lo.tarman.pl\/index.php?rest_route=\/wp\/v2\/users\/1"}],"replies":[{"embeddable":true,"href":"http:\/\/16lo.tarman.pl\/index.php?rest_route=%2Fwp%2Fv2%2Fcomments&post=1011"}],"version-history":[{"count":3,"href":"http:\/\/16lo.tarman.pl\/index.php?rest_route=\/wp\/v2\/posts\/1011\/revisions"}],"predecessor-version":[{"id":1013,"href":"http:\/\/16lo.tarman.pl\/index.php?rest_route=\/wp\/v2\/posts\/1011\/revisions\/1013"}],"wp:attachment":[{"href":"http:\/\/16lo.tarman.pl\/index.php?rest_route=%2Fwp%2Fv2%2Fmedia&parent=1011"}],"wp:term":[{"taxonomy":"category","embeddable":true,"href":"http:\/\/16lo.tarman.pl\/index.php?rest_route=%2Fwp%2Fv2%2Fcategories&post=1011"},{"taxonomy":"post_tag","embeddable":true,"href":"http:\/\/16lo.tarman.pl\/index.php?rest_route=%2Fwp%2Fv2%2Ftags&post=1011"}],"curies":[{"name":"wp","href":"https:\/\/api.w.org\/{rel}","templated":true}]}}