{"id":1008,"date":"2008-09-27T21:33:17","date_gmt":"2008-09-27T21:33:17","guid":{"rendered":"http:\/\/16lo.tarman.pl\/?p=1008"},"modified":"2014-10-07T11:22:14","modified_gmt":"2014-10-07T11:22:14","slug":"nadanie-im-armii-krajowej-xvi-liceum-ogolnoksztalcacemu","status":"publish","type":"post","link":"http:\/\/16lo.tarman.pl\/?p=1008","title":{"rendered":"Nadanie im. Armii Krajowej XVI Liceum Og\u00f3lnokszta\u0142c\u0105cemu"},"content":{"rendered":"<p><strong><!-- index.php -->\n<div\n\tclass=\"ngg-galleryoverview ngg-ajax-pagination-none\"\n\tid=\"ngg-gallery-1cff30ce343f276aec941bb7a1a92cd4-1\">\n\n    \t<div class=\"slideshowlink\">\n        <a href='http:\/\/16lo.tarman.pl\/index.php\/nggallery\/slideshow?p=1008'>[Show slideshow]<\/a>\n\t\t\n\t<\/div>\n\t\t\t<!-- Thumbnails -->\n\t\t\t\t<div id=\"ngg-image-0\" class=\"ngg-gallery-thumbnail-box\" >\n\t\t\t\t        <div class=\"ngg-gallery-thumbnail\">\n            <a href=\"http:\/\/16lo.tarman.pl\/wp-content\/gallery\/nadanie-im-armii-krajowej-xvi-liceum-ogolnoksztalcacemu\/dsc_0015_imagelarge.jpg\"\n               title=\"\"\n               data-src=\"http:\/\/16lo.tarman.pl\/wp-content\/gallery\/nadanie-im-armii-krajowej-xvi-liceum-ogolnoksztalcacemu\/dsc_0015_imagelarge.jpg\"\n               data-thumbnail=\"http:\/\/16lo.tarman.pl\/wp-content\/gallery\/nadanie-im-armii-krajowej-xvi-liceum-ogolnoksztalcacemu\/thumbs\/thumbs_dsc_0015_imagelarge.jpg\"\n               data-image-id=\"1756\"\n               data-title=\"dsc_0015_imagelarge\"\n               data-description=\"\"\n               data-image-slug=\"dsc_0015_imagelarge\"\n               class='thickbox' rel='1cff30ce343f276aec941bb7a1a92cd4'>\n                <img\n                    title=\"dsc_0015_imagelarge\"\n                    alt=\"dsc_0015_imagelarge\"\n                    src=\"http:\/\/16lo.tarman.pl\/wp-content\/gallery\/nadanie-im-armii-krajowej-xvi-liceum-ogolnoksztalcacemu\/thumbs\/thumbs_dsc_0015_imagelarge.jpg\"\n                    width=\"100\"\n                    height=\"75\"\n                    style=\"max-width:100%;\"\n                \/>\n            <\/a>\n        <\/div>\n\t\t\t\t\t\t\t<\/div> \n\t\t\t\n                            \n\t\t\t\t<div id=\"ngg-image-1\" class=\"ngg-gallery-thumbnail-box\" >\n\t\t\t\t        <div class=\"ngg-gallery-thumbnail\">\n            <a href=\"http:\/\/16lo.tarman.pl\/wp-content\/gallery\/nadanie-im-armii-krajowej-xvi-liceum-ogolnoksztalcacemu\/dsc_0016_imagelarge.jpg\"\n               title=\"\"\n               data-src=\"http:\/\/16lo.tarman.pl\/wp-content\/gallery\/nadanie-im-armii-krajowej-xvi-liceum-ogolnoksztalcacemu\/dsc_0016_imagelarge.jpg\"\n               data-thumbnail=\"http:\/\/16lo.tarman.pl\/wp-content\/gallery\/nadanie-im-armii-krajowej-xvi-liceum-ogolnoksztalcacemu\/thumbs\/thumbs_dsc_0016_imagelarge.jpg\"\n               data-image-id=\"1757\"\n               data-title=\"dsc_0016_imagelarge\"\n               data-description=\"\"\n               data-image-slug=\"dsc_0016_imagelarge\"\n               class='thickbox' rel='1cff30ce343f276aec941bb7a1a92cd4'>\n                <img\n                    title=\"dsc_0016_imagelarge\"\n                    alt=\"dsc_0016_imagelarge\"\n                    src=\"http:\/\/16lo.tarman.pl\/wp-content\/gallery\/nadanie-im-armii-krajowej-xvi-liceum-ogolnoksztalcacemu\/thumbs\/thumbs_dsc_0016_imagelarge.jpg\"\n                    width=\"100\"\n                    height=\"75\"\n                    style=\"max-width:100%;\"\n                \/>\n            <\/a>\n        <\/div>\n\t\t\t\t\t\t\t<\/div> \n\t\t\t\n                            \n\t\t\t\t<div id=\"ngg-image-2\" class=\"ngg-gallery-thumbnail-box\" >\n\t\t\t\t        <div class=\"ngg-gallery-thumbnail\">\n            <a href=\"http:\/\/16lo.tarman.pl\/wp-content\/gallery\/nadanie-im-armii-krajowej-xvi-liceum-ogolnoksztalcacemu\/dsc_0019_imagelarge.jpg\"\n               title=\"\"\n               data-src=\"http:\/\/16lo.tarman.pl\/wp-content\/gallery\/nadanie-im-armii-krajowej-xvi-liceum-ogolnoksztalcacemu\/dsc_0019_imagelarge.jpg\"\n               data-thumbnail=\"http:\/\/16lo.tarman.pl\/wp-content\/gallery\/nadanie-im-armii-krajowej-xvi-liceum-ogolnoksztalcacemu\/thumbs\/thumbs_dsc_0019_imagelarge.jpg\"\n               data-image-id=\"1758\"\n               data-title=\"dsc_0019_imagelarge\"\n               data-description=\"\"\n               data-image-slug=\"dsc_0019_imagelarge\"\n               class='thickbox' rel='1cff30ce343f276aec941bb7a1a92cd4'>\n                <img\n                    title=\"dsc_0019_imagelarge\"\n                    alt=\"dsc_0019_imagelarge\"\n                    src=\"http:\/\/16lo.tarman.pl\/wp-content\/gallery\/nadanie-im-armii-krajowej-xvi-liceum-ogolnoksztalcacemu\/thumbs\/thumbs_dsc_0019_imagelarge.jpg\"\n                    width=\"100\"\n                    height=\"75\"\n                    style=\"max-width:100%;\"\n                \/>\n            <\/a>\n        <\/div>\n\t\t\t\t\t\t\t<\/div> \n\t\t\t\n                            \n\t\t\t\t<div id=\"ngg-image-3\" class=\"ngg-gallery-thumbnail-box\" >\n\t\t\t\t        <div class=\"ngg-gallery-thumbnail\">\n            <a href=\"http:\/\/16lo.tarman.pl\/wp-content\/gallery\/nadanie-im-armii-krajowej-xvi-liceum-ogolnoksztalcacemu\/dsc_0023_imagelarge.jpg\"\n               title=\"\"\n               data-src=\"http:\/\/16lo.tarman.pl\/wp-content\/gallery\/nadanie-im-armii-krajowej-xvi-liceum-ogolnoksztalcacemu\/dsc_0023_imagelarge.jpg\"\n               data-thumbnail=\"http:\/\/16lo.tarman.pl\/wp-content\/gallery\/nadanie-im-armii-krajowej-xvi-liceum-ogolnoksztalcacemu\/thumbs\/thumbs_dsc_0023_imagelarge.jpg\"\n               data-image-id=\"1759\"\n               data-title=\"dsc_0023_imagelarge\"\n               data-description=\"\"\n               data-image-slug=\"dsc_0023_imagelarge\"\n               class='thickbox' rel='1cff30ce343f276aec941bb7a1a92cd4'>\n                <img\n                    title=\"dsc_0023_imagelarge\"\n                    alt=\"dsc_0023_imagelarge\"\n                    src=\"http:\/\/16lo.tarman.pl\/wp-content\/gallery\/nadanie-im-armii-krajowej-xvi-liceum-ogolnoksztalcacemu\/thumbs\/thumbs_dsc_0023_imagelarge.jpg\"\n                    width=\"100\"\n                    height=\"75\"\n                    style=\"max-width:100%;\"\n                \/>\n            <\/a>\n        <\/div>\n\t\t\t\t\t\t\t<\/div> \n\t\t\t\n                            \n\t\t\t\t<div id=\"ngg-image-4\" class=\"ngg-gallery-thumbnail-box\" >\n\t\t\t\t        <div class=\"ngg-gallery-thumbnail\">\n            <a href=\"http:\/\/16lo.tarman.pl\/wp-content\/gallery\/nadanie-im-armii-krajowej-xvi-liceum-ogolnoksztalcacemu\/dsc_0025_imagelarge.jpg\"\n               title=\"\"\n               data-src=\"http:\/\/16lo.tarman.pl\/wp-content\/gallery\/nadanie-im-armii-krajowej-xvi-liceum-ogolnoksztalcacemu\/dsc_0025_imagelarge.jpg\"\n               data-thumbnail=\"http:\/\/16lo.tarman.pl\/wp-content\/gallery\/nadanie-im-armii-krajowej-xvi-liceum-ogolnoksztalcacemu\/thumbs\/thumbs_dsc_0025_imagelarge.jpg\"\n               data-image-id=\"1760\"\n               data-title=\"dsc_0025_imagelarge\"\n               data-description=\"\"\n               data-image-slug=\"dsc_0025_imagelarge\"\n               class='thickbox' rel='1cff30ce343f276aec941bb7a1a92cd4'>\n                <img\n                    title=\"dsc_0025_imagelarge\"\n                    alt=\"dsc_0025_imagelarge\"\n                    src=\"http:\/\/16lo.tarman.pl\/wp-content\/gallery\/nadanie-im-armii-krajowej-xvi-liceum-ogolnoksztalcacemu\/thumbs\/thumbs_dsc_0025_imagelarge.jpg\"\n                    width=\"100\"\n                    height=\"75\"\n                    style=\"max-width:100%;\"\n                \/>\n            <\/a>\n        <\/div>\n\t\t\t\t\t\t\t<\/div> \n\t\t\t\n                                    <br style=\"clear: both\" \/>\n                    \n\t\t\t\t<div id=\"ngg-image-5\" class=\"ngg-gallery-thumbnail-box\" >\n\t\t\t\t        <div class=\"ngg-gallery-thumbnail\">\n            <a href=\"http:\/\/16lo.tarman.pl\/wp-content\/gallery\/nadanie-im-armii-krajowej-xvi-liceum-ogolnoksztalcacemu\/dsc_0027_imagelarge.jpg\"\n               title=\"\"\n               data-src=\"http:\/\/16lo.tarman.pl\/wp-content\/gallery\/nadanie-im-armii-krajowej-xvi-liceum-ogolnoksztalcacemu\/dsc_0027_imagelarge.jpg\"\n               data-thumbnail=\"http:\/\/16lo.tarman.pl\/wp-content\/gallery\/nadanie-im-armii-krajowej-xvi-liceum-ogolnoksztalcacemu\/thumbs\/thumbs_dsc_0027_imagelarge.jpg\"\n               data-image-id=\"1761\"\n               data-title=\"dsc_0027_imagelarge\"\n               data-description=\"\"\n               data-image-slug=\"dsc_0027_imagelarge\"\n               class='thickbox' rel='1cff30ce343f276aec941bb7a1a92cd4'>\n                <img\n                    title=\"dsc_0027_imagelarge\"\n                    alt=\"dsc_0027_imagelarge\"\n                    src=\"http:\/\/16lo.tarman.pl\/wp-content\/gallery\/nadanie-im-armii-krajowej-xvi-liceum-ogolnoksztalcacemu\/thumbs\/thumbs_dsc_0027_imagelarge.jpg\"\n                    width=\"100\"\n                    height=\"75\"\n                    style=\"max-width:100%;\"\n                \/>\n            <\/a>\n        <\/div>\n\t\t\t\t\t\t\t<\/div> \n\t\t\t\n                            \n\t\t\t\t<div id=\"ngg-image-6\" class=\"ngg-gallery-thumbnail-box\" >\n\t\t\t\t        <div class=\"ngg-gallery-thumbnail\">\n            <a href=\"http:\/\/16lo.tarman.pl\/wp-content\/gallery\/nadanie-im-armii-krajowej-xvi-liceum-ogolnoksztalcacemu\/dsc_0038_imagelarge.jpg\"\n               title=\"\"\n               data-src=\"http:\/\/16lo.tarman.pl\/wp-content\/gallery\/nadanie-im-armii-krajowej-xvi-liceum-ogolnoksztalcacemu\/dsc_0038_imagelarge.jpg\"\n               data-thumbnail=\"http:\/\/16lo.tarman.pl\/wp-content\/gallery\/nadanie-im-armii-krajowej-xvi-liceum-ogolnoksztalcacemu\/thumbs\/thumbs_dsc_0038_imagelarge.jpg\"\n               data-image-id=\"1762\"\n               data-title=\"dsc_0038_imagelarge\"\n               data-description=\"\"\n               data-image-slug=\"dsc_0038_imagelarge\"\n               class='thickbox' rel='1cff30ce343f276aec941bb7a1a92cd4'>\n                <img\n                    title=\"dsc_0038_imagelarge\"\n                    alt=\"dsc_0038_imagelarge\"\n                    src=\"http:\/\/16lo.tarman.pl\/wp-content\/gallery\/nadanie-im-armii-krajowej-xvi-liceum-ogolnoksztalcacemu\/thumbs\/thumbs_dsc_0038_imagelarge.jpg\"\n                    width=\"100\"\n                    height=\"75\"\n                    style=\"max-width:100%;\"\n                \/>\n            <\/a>\n        <\/div>\n\t\t\t\t\t\t\t<\/div> \n\t\t\t\n                            \n\t\t\t\t<div id=\"ngg-image-7\" class=\"ngg-gallery-thumbnail-box\" >\n\t\t\t\t        <div class=\"ngg-gallery-thumbnail\">\n            <a href=\"http:\/\/16lo.tarman.pl\/wp-content\/gallery\/nadanie-im-armii-krajowej-xvi-liceum-ogolnoksztalcacemu\/dsc_0039_imagelarge.jpg\"\n               title=\"\"\n               data-src=\"http:\/\/16lo.tarman.pl\/wp-content\/gallery\/nadanie-im-armii-krajowej-xvi-liceum-ogolnoksztalcacemu\/dsc_0039_imagelarge.jpg\"\n               data-thumbnail=\"http:\/\/16lo.tarman.pl\/wp-content\/gallery\/nadanie-im-armii-krajowej-xvi-liceum-ogolnoksztalcacemu\/thumbs\/thumbs_dsc_0039_imagelarge.jpg\"\n               data-image-id=\"1763\"\n               data-title=\"dsc_0039_imagelarge\"\n               data-description=\"\"\n               data-image-slug=\"dsc_0039_imagelarge\"\n               class='thickbox' rel='1cff30ce343f276aec941bb7a1a92cd4'>\n                <img\n                    title=\"dsc_0039_imagelarge\"\n                    alt=\"dsc_0039_imagelarge\"\n                    src=\"http:\/\/16lo.tarman.pl\/wp-content\/gallery\/nadanie-im-armii-krajowej-xvi-liceum-ogolnoksztalcacemu\/thumbs\/thumbs_dsc_0039_imagelarge.jpg\"\n                    width=\"100\"\n                    height=\"75\"\n                    style=\"max-width:100%;\"\n                \/>\n            <\/a>\n        <\/div>\n\t\t\t\t\t\t\t<\/div> \n\t\t\t\n                            \n\t\t\t\t<div id=\"ngg-image-8\" class=\"ngg-gallery-thumbnail-box\" >\n\t\t\t\t        <div class=\"ngg-gallery-thumbnail\">\n            <a href=\"http:\/\/16lo.tarman.pl\/wp-content\/gallery\/nadanie-im-armii-krajowej-xvi-liceum-ogolnoksztalcacemu\/dsc_0046_imagelarge.jpg\"\n               title=\"\"\n               data-src=\"http:\/\/16lo.tarman.pl\/wp-content\/gallery\/nadanie-im-armii-krajowej-xvi-liceum-ogolnoksztalcacemu\/dsc_0046_imagelarge.jpg\"\n               data-thumbnail=\"http:\/\/16lo.tarman.pl\/wp-content\/gallery\/nadanie-im-armii-krajowej-xvi-liceum-ogolnoksztalcacemu\/thumbs\/thumbs_dsc_0046_imagelarge.jpg\"\n               data-image-id=\"1764\"\n               data-title=\"dsc_0046_imagelarge\"\n               data-description=\"\"\n               data-image-slug=\"dsc_0046_imagelarge\"\n               class='thickbox' rel='1cff30ce343f276aec941bb7a1a92cd4'>\n                <img\n                    title=\"dsc_0046_imagelarge\"\n                    alt=\"dsc_0046_imagelarge\"\n                    src=\"http:\/\/16lo.tarman.pl\/wp-content\/gallery\/nadanie-im-armii-krajowej-xvi-liceum-ogolnoksztalcacemu\/thumbs\/thumbs_dsc_0046_imagelarge.jpg\"\n                    width=\"100\"\n                    height=\"75\"\n                    style=\"max-width:100%;\"\n                \/>\n            <\/a>\n        <\/div>\n\t\t\t\t\t\t\t<\/div> \n\t\t\t\n                            \n\t\t\t\t<div id=\"ngg-image-9\" class=\"ngg-gallery-thumbnail-box\" >\n\t\t\t\t        <div class=\"ngg-gallery-thumbnail\">\n            <a href=\"http:\/\/16lo.tarman.pl\/wp-content\/gallery\/nadanie-im-armii-krajowej-xvi-liceum-ogolnoksztalcacemu\/dsc_0050_imagelarge.jpg\"\n               title=\"\"\n               data-src=\"http:\/\/16lo.tarman.pl\/wp-content\/gallery\/nadanie-im-armii-krajowej-xvi-liceum-ogolnoksztalcacemu\/dsc_0050_imagelarge.jpg\"\n               data-thumbnail=\"http:\/\/16lo.tarman.pl\/wp-content\/gallery\/nadanie-im-armii-krajowej-xvi-liceum-ogolnoksztalcacemu\/thumbs\/thumbs_dsc_0050_imagelarge.jpg\"\n               data-image-id=\"1765\"\n               data-title=\"dsc_0050_imagelarge\"\n               data-description=\"\"\n               data-image-slug=\"dsc_0050_imagelarge\"\n               class='thickbox' rel='1cff30ce343f276aec941bb7a1a92cd4'>\n                <img\n                    title=\"dsc_0050_imagelarge\"\n                    alt=\"dsc_0050_imagelarge\"\n                    src=\"http:\/\/16lo.tarman.pl\/wp-content\/gallery\/nadanie-im-armii-krajowej-xvi-liceum-ogolnoksztalcacemu\/thumbs\/thumbs_dsc_0050_imagelarge.jpg\"\n                    width=\"100\"\n                    height=\"75\"\n                    style=\"max-width:100%;\"\n                \/>\n            <\/a>\n        <\/div>\n\t\t\t\t\t\t\t<\/div> \n\t\t\t\n                                    <br style=\"clear: both\" \/>\n                    \n\t\t\t\t<div id=\"ngg-image-10\" class=\"ngg-gallery-thumbnail-box\" >\n\t\t\t\t        <div class=\"ngg-gallery-thumbnail\">\n            <a href=\"http:\/\/16lo.tarman.pl\/wp-content\/gallery\/nadanie-im-armii-krajowej-xvi-liceum-ogolnoksztalcacemu\/dsc_0052_imagelarge.jpg\"\n               title=\"\"\n               data-src=\"http:\/\/16lo.tarman.pl\/wp-content\/gallery\/nadanie-im-armii-krajowej-xvi-liceum-ogolnoksztalcacemu\/dsc_0052_imagelarge.jpg\"\n               data-thumbnail=\"http:\/\/16lo.tarman.pl\/wp-content\/gallery\/nadanie-im-armii-krajowej-xvi-liceum-ogolnoksztalcacemu\/thumbs\/thumbs_dsc_0052_imagelarge.jpg\"\n               data-image-id=\"1766\"\n               data-title=\"dsc_0052_imagelarge\"\n               data-description=\"\"\n               data-image-slug=\"dsc_0052_imagelarge\"\n               class='thickbox' rel='1cff30ce343f276aec941bb7a1a92cd4'>\n                <img\n                    title=\"dsc_0052_imagelarge\"\n                    alt=\"dsc_0052_imagelarge\"\n                    src=\"http:\/\/16lo.tarman.pl\/wp-content\/gallery\/nadanie-im-armii-krajowej-xvi-liceum-ogolnoksztalcacemu\/thumbs\/thumbs_dsc_0052_imagelarge.jpg\"\n                    width=\"100\"\n                    height=\"75\"\n                    style=\"max-width:100%;\"\n                \/>\n            <\/a>\n        <\/div>\n\t\t\t\t\t\t\t<\/div> \n\t\t\t\n                            \n\t\t\t\t<div id=\"ngg-image-11\" class=\"ngg-gallery-thumbnail-box\" >\n\t\t\t\t        <div class=\"ngg-gallery-thumbnail\">\n            <a href=\"http:\/\/16lo.tarman.pl\/wp-content\/gallery\/nadanie-im-armii-krajowej-xvi-liceum-ogolnoksztalcacemu\/dsc_0058_imagelarge.jpg\"\n               title=\"\"\n               data-src=\"http:\/\/16lo.tarman.pl\/wp-content\/gallery\/nadanie-im-armii-krajowej-xvi-liceum-ogolnoksztalcacemu\/dsc_0058_imagelarge.jpg\"\n               data-thumbnail=\"http:\/\/16lo.tarman.pl\/wp-content\/gallery\/nadanie-im-armii-krajowej-xvi-liceum-ogolnoksztalcacemu\/thumbs\/thumbs_dsc_0058_imagelarge.jpg\"\n               data-image-id=\"1767\"\n               data-title=\"dsc_0058_imagelarge\"\n               data-description=\"\"\n               data-image-slug=\"dsc_0058_imagelarge\"\n               class='thickbox' rel='1cff30ce343f276aec941bb7a1a92cd4'>\n                <img\n                    title=\"dsc_0058_imagelarge\"\n                    alt=\"dsc_0058_imagelarge\"\n                    src=\"http:\/\/16lo.tarman.pl\/wp-content\/gallery\/nadanie-im-armii-krajowej-xvi-liceum-ogolnoksztalcacemu\/thumbs\/thumbs_dsc_0058_imagelarge.jpg\"\n                    width=\"100\"\n                    height=\"75\"\n                    style=\"max-width:100%;\"\n                \/>\n            <\/a>\n        <\/div>\n\t\t\t\t\t\t\t<\/div> \n\t\t\t\n                            \n\t\t\t\t<div id=\"ngg-image-12\" class=\"ngg-gallery-thumbnail-box\" >\n\t\t\t\t        <div class=\"ngg-gallery-thumbnail\">\n            <a href=\"http:\/\/16lo.tarman.pl\/wp-content\/gallery\/nadanie-im-armii-krajowej-xvi-liceum-ogolnoksztalcacemu\/dsc_0060_imagelarge.jpg\"\n               title=\"\"\n               data-src=\"http:\/\/16lo.tarman.pl\/wp-content\/gallery\/nadanie-im-armii-krajowej-xvi-liceum-ogolnoksztalcacemu\/dsc_0060_imagelarge.jpg\"\n               data-thumbnail=\"http:\/\/16lo.tarman.pl\/wp-content\/gallery\/nadanie-im-armii-krajowej-xvi-liceum-ogolnoksztalcacemu\/thumbs\/thumbs_dsc_0060_imagelarge.jpg\"\n               data-image-id=\"1768\"\n               data-title=\"dsc_0060_imagelarge\"\n               data-description=\"\"\n               data-image-slug=\"dsc_0060_imagelarge\"\n               class='thickbox' rel='1cff30ce343f276aec941bb7a1a92cd4'>\n                <img\n                    title=\"dsc_0060_imagelarge\"\n                    alt=\"dsc_0060_imagelarge\"\n                    src=\"http:\/\/16lo.tarman.pl\/wp-content\/gallery\/nadanie-im-armii-krajowej-xvi-liceum-ogolnoksztalcacemu\/thumbs\/thumbs_dsc_0060_imagelarge.jpg\"\n                    width=\"100\"\n                    height=\"75\"\n                    style=\"max-width:100%;\"\n                \/>\n            <\/a>\n        <\/div>\n\t\t\t\t\t\t\t<\/div> \n\t\t\t\n                            \n\t\t\t\t<div id=\"ngg-image-13\" class=\"ngg-gallery-thumbnail-box\" >\n\t\t\t\t        <div class=\"ngg-gallery-thumbnail\">\n            <a href=\"http:\/\/16lo.tarman.pl\/wp-content\/gallery\/nadanie-im-armii-krajowej-xvi-liceum-ogolnoksztalcacemu\/dsc_0075_imagelarge.jpg\"\n               title=\"\"\n               data-src=\"http:\/\/16lo.tarman.pl\/wp-content\/gallery\/nadanie-im-armii-krajowej-xvi-liceum-ogolnoksztalcacemu\/dsc_0075_imagelarge.jpg\"\n               data-thumbnail=\"http:\/\/16lo.tarman.pl\/wp-content\/gallery\/nadanie-im-armii-krajowej-xvi-liceum-ogolnoksztalcacemu\/thumbs\/thumbs_dsc_0075_imagelarge.jpg\"\n               data-image-id=\"1769\"\n               data-title=\"dsc_0075_imagelarge\"\n               data-description=\"\"\n               data-image-slug=\"dsc_0075_imagelarge\"\n               class='thickbox' rel='1cff30ce343f276aec941bb7a1a92cd4'>\n                <img\n                    title=\"dsc_0075_imagelarge\"\n                    alt=\"dsc_0075_imagelarge\"\n                    src=\"http:\/\/16lo.tarman.pl\/wp-content\/gallery\/nadanie-im-armii-krajowej-xvi-liceum-ogolnoksztalcacemu\/thumbs\/thumbs_dsc_0075_imagelarge.jpg\"\n                    width=\"100\"\n                    height=\"75\"\n                    style=\"max-width:100%;\"\n                \/>\n            <\/a>\n        <\/div>\n\t\t\t\t\t\t\t<\/div> \n\t\t\t\n                            \n\t\t\t\t<div id=\"ngg-image-14\" class=\"ngg-gallery-thumbnail-box\" >\n\t\t\t\t        <div class=\"ngg-gallery-thumbnail\">\n            <a href=\"http:\/\/16lo.tarman.pl\/wp-content\/gallery\/nadanie-im-armii-krajowej-xvi-liceum-ogolnoksztalcacemu\/dsc_0082_imagelarge.jpg\"\n               title=\"\"\n               data-src=\"http:\/\/16lo.tarman.pl\/wp-content\/gallery\/nadanie-im-armii-krajowej-xvi-liceum-ogolnoksztalcacemu\/dsc_0082_imagelarge.jpg\"\n               data-thumbnail=\"http:\/\/16lo.tarman.pl\/wp-content\/gallery\/nadanie-im-armii-krajowej-xvi-liceum-ogolnoksztalcacemu\/thumbs\/thumbs_dsc_0082_imagelarge.jpg\"\n               data-image-id=\"1770\"\n               data-title=\"dsc_0082_imagelarge\"\n               data-description=\"\"\n               data-image-slug=\"dsc_0082_imagelarge\"\n               class='thickbox' rel='1cff30ce343f276aec941bb7a1a92cd4'>\n                <img\n                    title=\"dsc_0082_imagelarge\"\n                    alt=\"dsc_0082_imagelarge\"\n                    src=\"http:\/\/16lo.tarman.pl\/wp-content\/gallery\/nadanie-im-armii-krajowej-xvi-liceum-ogolnoksztalcacemu\/thumbs\/thumbs_dsc_0082_imagelarge.jpg\"\n                    width=\"100\"\n                    height=\"75\"\n                    style=\"max-width:100%;\"\n                \/>\n            <\/a>\n        <\/div>\n\t\t\t\t\t\t\t<\/div> \n\t\t\t\n                                    <br style=\"clear: both\" \/>\n                    \n\t\t\t\t<div id=\"ngg-image-15\" class=\"ngg-gallery-thumbnail-box\" >\n\t\t\t\t        <div class=\"ngg-gallery-thumbnail\">\n            <a href=\"http:\/\/16lo.tarman.pl\/wp-content\/gallery\/nadanie-im-armii-krajowej-xvi-liceum-ogolnoksztalcacemu\/dsc_0088_imagelarge.jpg\"\n               title=\"\"\n               data-src=\"http:\/\/16lo.tarman.pl\/wp-content\/gallery\/nadanie-im-armii-krajowej-xvi-liceum-ogolnoksztalcacemu\/dsc_0088_imagelarge.jpg\"\n               data-thumbnail=\"http:\/\/16lo.tarman.pl\/wp-content\/gallery\/nadanie-im-armii-krajowej-xvi-liceum-ogolnoksztalcacemu\/thumbs\/thumbs_dsc_0088_imagelarge.jpg\"\n               data-image-id=\"1771\"\n               data-title=\"dsc_0088_imagelarge\"\n               data-description=\"\"\n               data-image-slug=\"dsc_0088_imagelarge\"\n               class='thickbox' rel='1cff30ce343f276aec941bb7a1a92cd4'>\n                <img\n                    title=\"dsc_0088_imagelarge\"\n                    alt=\"dsc_0088_imagelarge\"\n                    src=\"http:\/\/16lo.tarman.pl\/wp-content\/gallery\/nadanie-im-armii-krajowej-xvi-liceum-ogolnoksztalcacemu\/thumbs\/thumbs_dsc_0088_imagelarge.jpg\"\n                    width=\"100\"\n                    height=\"75\"\n                    style=\"max-width:100%;\"\n                \/>\n            <\/a>\n        <\/div>\n\t\t\t\t\t\t\t<\/div> \n\t\t\t\n                            \n\t\t\t\t<div id=\"ngg-image-16\" class=\"ngg-gallery-thumbnail-box\" >\n\t\t\t\t        <div class=\"ngg-gallery-thumbnail\">\n            <a href=\"http:\/\/16lo.tarman.pl\/wp-content\/gallery\/nadanie-im-armii-krajowej-xvi-liceum-ogolnoksztalcacemu\/dsc_0099_imagelarge.jpg\"\n               title=\"\"\n               data-src=\"http:\/\/16lo.tarman.pl\/wp-content\/gallery\/nadanie-im-armii-krajowej-xvi-liceum-ogolnoksztalcacemu\/dsc_0099_imagelarge.jpg\"\n               data-thumbnail=\"http:\/\/16lo.tarman.pl\/wp-content\/gallery\/nadanie-im-armii-krajowej-xvi-liceum-ogolnoksztalcacemu\/thumbs\/thumbs_dsc_0099_imagelarge.jpg\"\n               data-image-id=\"1772\"\n               data-title=\"dsc_0099_imagelarge\"\n               data-description=\"\"\n               data-image-slug=\"dsc_0099_imagelarge\"\n               class='thickbox' rel='1cff30ce343f276aec941bb7a1a92cd4'>\n                <img\n                    title=\"dsc_0099_imagelarge\"\n                    alt=\"dsc_0099_imagelarge\"\n                    src=\"http:\/\/16lo.tarman.pl\/wp-content\/gallery\/nadanie-im-armii-krajowej-xvi-liceum-ogolnoksztalcacemu\/thumbs\/thumbs_dsc_0099_imagelarge.jpg\"\n                    width=\"100\"\n                    height=\"75\"\n                    style=\"max-width:100%;\"\n                \/>\n            <\/a>\n        <\/div>\n\t\t\t\t\t\t\t<\/div> \n\t\t\t\n                            \n\t\t\t\t<div id=\"ngg-image-17\" class=\"ngg-gallery-thumbnail-box\" >\n\t\t\t\t        <div class=\"ngg-gallery-thumbnail\">\n            <a href=\"http:\/\/16lo.tarman.pl\/wp-content\/gallery\/nadanie-im-armii-krajowej-xvi-liceum-ogolnoksztalcacemu\/dsc_0100_imagelarge.jpg\"\n               title=\"\"\n               data-src=\"http:\/\/16lo.tarman.pl\/wp-content\/gallery\/nadanie-im-armii-krajowej-xvi-liceum-ogolnoksztalcacemu\/dsc_0100_imagelarge.jpg\"\n               data-thumbnail=\"http:\/\/16lo.tarman.pl\/wp-content\/gallery\/nadanie-im-armii-krajowej-xvi-liceum-ogolnoksztalcacemu\/thumbs\/thumbs_dsc_0100_imagelarge.jpg\"\n               data-image-id=\"1773\"\n               data-title=\"dsc_0100_imagelarge\"\n               data-description=\"\"\n               data-image-slug=\"dsc_0100_imagelarge\"\n               class='thickbox' rel='1cff30ce343f276aec941bb7a1a92cd4'>\n                <img\n                    title=\"dsc_0100_imagelarge\"\n                    alt=\"dsc_0100_imagelarge\"\n                    src=\"http:\/\/16lo.tarman.pl\/wp-content\/gallery\/nadanie-im-armii-krajowej-xvi-liceum-ogolnoksztalcacemu\/thumbs\/thumbs_dsc_0100_imagelarge.jpg\"\n                    width=\"100\"\n                    height=\"75\"\n                    style=\"max-width:100%;\"\n                \/>\n            <\/a>\n        <\/div>\n\t\t\t\t\t\t\t<\/div> \n\t\t\t\n                            \n\t\t\t\t<div id=\"ngg-image-18\" class=\"ngg-gallery-thumbnail-box\" >\n\t\t\t\t        <div class=\"ngg-gallery-thumbnail\">\n            <a href=\"http:\/\/16lo.tarman.pl\/wp-content\/gallery\/nadanie-im-armii-krajowej-xvi-liceum-ogolnoksztalcacemu\/dsc_0107_imagelarge.jpg\"\n               title=\"\"\n               data-src=\"http:\/\/16lo.tarman.pl\/wp-content\/gallery\/nadanie-im-armii-krajowej-xvi-liceum-ogolnoksztalcacemu\/dsc_0107_imagelarge.jpg\"\n               data-thumbnail=\"http:\/\/16lo.tarman.pl\/wp-content\/gallery\/nadanie-im-armii-krajowej-xvi-liceum-ogolnoksztalcacemu\/thumbs\/thumbs_dsc_0107_imagelarge.jpg\"\n               data-image-id=\"1774\"\n               data-title=\"dsc_0107_imagelarge\"\n               data-description=\"\"\n               data-image-slug=\"dsc_0107_imagelarge\"\n               class='thickbox' rel='1cff30ce343f276aec941bb7a1a92cd4'>\n                <img\n                    title=\"dsc_0107_imagelarge\"\n                    alt=\"dsc_0107_imagelarge\"\n                    src=\"http:\/\/16lo.tarman.pl\/wp-content\/gallery\/nadanie-im-armii-krajowej-xvi-liceum-ogolnoksztalcacemu\/thumbs\/thumbs_dsc_0107_imagelarge.jpg\"\n                    width=\"100\"\n                    height=\"75\"\n                    style=\"max-width:100%;\"\n                \/>\n            <\/a>\n        <\/div>\n\t\t\t\t\t\t\t<\/div> \n\t\t\t\n                            \n\t\t\t\t<div id=\"ngg-image-19\" class=\"ngg-gallery-thumbnail-box\" >\n\t\t\t\t        <div class=\"ngg-gallery-thumbnail\">\n            <a href=\"http:\/\/16lo.tarman.pl\/wp-content\/gallery\/nadanie-im-armii-krajowej-xvi-liceum-ogolnoksztalcacemu\/dsc_0109_imagelarge.jpg\"\n               title=\"\"\n               data-src=\"http:\/\/16lo.tarman.pl\/wp-content\/gallery\/nadanie-im-armii-krajowej-xvi-liceum-ogolnoksztalcacemu\/dsc_0109_imagelarge.jpg\"\n               data-thumbnail=\"http:\/\/16lo.tarman.pl\/wp-content\/gallery\/nadanie-im-armii-krajowej-xvi-liceum-ogolnoksztalcacemu\/thumbs\/thumbs_dsc_0109_imagelarge.jpg\"\n               data-image-id=\"1775\"\n               data-title=\"dsc_0109_imagelarge\"\n               data-description=\"\"\n               data-image-slug=\"dsc_0109_imagelarge\"\n               class='thickbox' rel='1cff30ce343f276aec941bb7a1a92cd4'>\n                <img\n                    title=\"dsc_0109_imagelarge\"\n                    alt=\"dsc_0109_imagelarge\"\n                    src=\"http:\/\/16lo.tarman.pl\/wp-content\/gallery\/nadanie-im-armii-krajowej-xvi-liceum-ogolnoksztalcacemu\/thumbs\/thumbs_dsc_0109_imagelarge.jpg\"\n                    width=\"100\"\n                    height=\"75\"\n                    style=\"max-width:100%;\"\n                \/>\n            <\/a>\n        <\/div>\n\t\t\t\t\t\t\t<\/div> \n\t\t\t\n                                    <br style=\"clear: both\" \/>\n                    \n\t\t\t\t<div id=\"ngg-image-20\" class=\"ngg-gallery-thumbnail-box\" >\n\t\t\t\t        <div class=\"ngg-gallery-thumbnail\">\n            <a href=\"http:\/\/16lo.tarman.pl\/wp-content\/gallery\/nadanie-im-armii-krajowej-xvi-liceum-ogolnoksztalcacemu\/dsc_0122_imagelarge.jpg\"\n               title=\"\"\n               data-src=\"http:\/\/16lo.tarman.pl\/wp-content\/gallery\/nadanie-im-armii-krajowej-xvi-liceum-ogolnoksztalcacemu\/dsc_0122_imagelarge.jpg\"\n               data-thumbnail=\"http:\/\/16lo.tarman.pl\/wp-content\/gallery\/nadanie-im-armii-krajowej-xvi-liceum-ogolnoksztalcacemu\/thumbs\/thumbs_dsc_0122_imagelarge.jpg\"\n               data-image-id=\"1776\"\n               data-title=\"dsc_0122_imagelarge\"\n               data-description=\"\"\n               data-image-slug=\"dsc_0122_imagelarge\"\n               class='thickbox' rel='1cff30ce343f276aec941bb7a1a92cd4'>\n                <img\n                    title=\"dsc_0122_imagelarge\"\n                    alt=\"dsc_0122_imagelarge\"\n                    src=\"http:\/\/16lo.tarman.pl\/wp-content\/gallery\/nadanie-im-armii-krajowej-xvi-liceum-ogolnoksztalcacemu\/thumbs\/thumbs_dsc_0122_imagelarge.jpg\"\n                    width=\"100\"\n                    height=\"75\"\n                    style=\"max-width:100%;\"\n                \/>\n            <\/a>\n        <\/div>\n\t\t\t\t\t\t\t<\/div> \n\t\t\t\n                            \n\t\t\t\t<div id=\"ngg-image-21\" class=\"ngg-gallery-thumbnail-box\" >\n\t\t\t\t        <div class=\"ngg-gallery-thumbnail\">\n            <a href=\"http:\/\/16lo.tarman.pl\/wp-content\/gallery\/nadanie-im-armii-krajowej-xvi-liceum-ogolnoksztalcacemu\/dsc_0128_imagelarge.jpg\"\n               title=\"\"\n               data-src=\"http:\/\/16lo.tarman.pl\/wp-content\/gallery\/nadanie-im-armii-krajowej-xvi-liceum-ogolnoksztalcacemu\/dsc_0128_imagelarge.jpg\"\n               data-thumbnail=\"http:\/\/16lo.tarman.pl\/wp-content\/gallery\/nadanie-im-armii-krajowej-xvi-liceum-ogolnoksztalcacemu\/thumbs\/thumbs_dsc_0128_imagelarge.jpg\"\n               data-image-id=\"1777\"\n               data-title=\"dsc_0128_imagelarge\"\n               data-description=\"\"\n               data-image-slug=\"dsc_0128_imagelarge\"\n               class='thickbox' rel='1cff30ce343f276aec941bb7a1a92cd4'>\n                <img\n                    title=\"dsc_0128_imagelarge\"\n                    alt=\"dsc_0128_imagelarge\"\n                    src=\"http:\/\/16lo.tarman.pl\/wp-content\/gallery\/nadanie-im-armii-krajowej-xvi-liceum-ogolnoksztalcacemu\/thumbs\/thumbs_dsc_0128_imagelarge.jpg\"\n                    width=\"100\"\n                    height=\"75\"\n                    style=\"max-width:100%;\"\n                \/>\n            <\/a>\n        <\/div>\n\t\t\t\t\t\t\t<\/div> \n\t\t\t\n                            \n\t\t\t\t<div id=\"ngg-image-22\" class=\"ngg-gallery-thumbnail-box\" >\n\t\t\t\t        <div class=\"ngg-gallery-thumbnail\">\n            <a href=\"http:\/\/16lo.tarman.pl\/wp-content\/gallery\/nadanie-im-armii-krajowej-xvi-liceum-ogolnoksztalcacemu\/dsc_0130_imagelarge.jpg\"\n               title=\"\"\n               data-src=\"http:\/\/16lo.tarman.pl\/wp-content\/gallery\/nadanie-im-armii-krajowej-xvi-liceum-ogolnoksztalcacemu\/dsc_0130_imagelarge.jpg\"\n               data-thumbnail=\"http:\/\/16lo.tarman.pl\/wp-content\/gallery\/nadanie-im-armii-krajowej-xvi-liceum-ogolnoksztalcacemu\/thumbs\/thumbs_dsc_0130_imagelarge.jpg\"\n               data-image-id=\"1778\"\n               data-title=\"dsc_0130_imagelarge\"\n               data-description=\"\"\n               data-image-slug=\"dsc_0130_imagelarge\"\n               class='thickbox' rel='1cff30ce343f276aec941bb7a1a92cd4'>\n                <img\n                    title=\"dsc_0130_imagelarge\"\n                    alt=\"dsc_0130_imagelarge\"\n                    src=\"http:\/\/16lo.tarman.pl\/wp-content\/gallery\/nadanie-im-armii-krajowej-xvi-liceum-ogolnoksztalcacemu\/thumbs\/thumbs_dsc_0130_imagelarge.jpg\"\n                    width=\"100\"\n                    height=\"75\"\n                    style=\"max-width:100%;\"\n                \/>\n            <\/a>\n        <\/div>\n\t\t\t\t\t\t\t<\/div> \n\t\t\t\n                            \n\t\t\t\t<div id=\"ngg-image-23\" class=\"ngg-gallery-thumbnail-box\" >\n\t\t\t\t        <div class=\"ngg-gallery-thumbnail\">\n            <a href=\"http:\/\/16lo.tarman.pl\/wp-content\/gallery\/nadanie-im-armii-krajowej-xvi-liceum-ogolnoksztalcacemu\/dsc_0133_imagelarge.jpg\"\n               title=\"\"\n               data-src=\"http:\/\/16lo.tarman.pl\/wp-content\/gallery\/nadanie-im-armii-krajowej-xvi-liceum-ogolnoksztalcacemu\/dsc_0133_imagelarge.jpg\"\n               data-thumbnail=\"http:\/\/16lo.tarman.pl\/wp-content\/gallery\/nadanie-im-armii-krajowej-xvi-liceum-ogolnoksztalcacemu\/thumbs\/thumbs_dsc_0133_imagelarge.jpg\"\n               data-image-id=\"1779\"\n               data-title=\"dsc_0133_imagelarge\"\n               data-description=\"\"\n               data-image-slug=\"dsc_0133_imagelarge\"\n               class='thickbox' rel='1cff30ce343f276aec941bb7a1a92cd4'>\n                <img\n                    title=\"dsc_0133_imagelarge\"\n                    alt=\"dsc_0133_imagelarge\"\n                    src=\"http:\/\/16lo.tarman.pl\/wp-content\/gallery\/nadanie-im-armii-krajowej-xvi-liceum-ogolnoksztalcacemu\/thumbs\/thumbs_dsc_0133_imagelarge.jpg\"\n                    width=\"100\"\n                    height=\"75\"\n                    style=\"max-width:100%;\"\n                \/>\n            <\/a>\n        <\/div>\n\t\t\t\t\t\t\t<\/div> \n\t\t\t\n                            \n\t\t\t\t<div id=\"ngg-image-24\" class=\"ngg-gallery-thumbnail-box\" >\n\t\t\t\t        <div class=\"ngg-gallery-thumbnail\">\n            <a href=\"http:\/\/16lo.tarman.pl\/wp-content\/gallery\/nadanie-im-armii-krajowej-xvi-liceum-ogolnoksztalcacemu\/dsc_0136_imagelarge.jpg\"\n               title=\"\"\n               data-src=\"http:\/\/16lo.tarman.pl\/wp-content\/gallery\/nadanie-im-armii-krajowej-xvi-liceum-ogolnoksztalcacemu\/dsc_0136_imagelarge.jpg\"\n               data-thumbnail=\"http:\/\/16lo.tarman.pl\/wp-content\/gallery\/nadanie-im-armii-krajowej-xvi-liceum-ogolnoksztalcacemu\/thumbs\/thumbs_dsc_0136_imagelarge.jpg\"\n               data-image-id=\"1780\"\n               data-title=\"dsc_0136_imagelarge\"\n               data-description=\"\"\n               data-image-slug=\"dsc_0136_imagelarge\"\n               class='thickbox' rel='1cff30ce343f276aec941bb7a1a92cd4'>\n                <img\n                    title=\"dsc_0136_imagelarge\"\n                    alt=\"dsc_0136_imagelarge\"\n                    src=\"http:\/\/16lo.tarman.pl\/wp-content\/gallery\/nadanie-im-armii-krajowej-xvi-liceum-ogolnoksztalcacemu\/thumbs\/thumbs_dsc_0136_imagelarge.jpg\"\n                    width=\"100\"\n                    height=\"75\"\n                    style=\"max-width:100%;\"\n                \/>\n            <\/a>\n        <\/div>\n\t\t\t\t\t\t\t<\/div> \n\t\t\t\n                                    <br style=\"clear: both\" \/>\n                    \n\t\t\n\t\t<!-- Pagination -->\n\t<div class='ngg-navigation'><span class=\"current\">1<\/span><a class=\"page-numbers\" data-pageid=\"2\" href=\"http:\/\/16lo.tarman.pl\/index.php\/nggallery\/page\/2?p=1008\">2<\/a><a class=\"page-numbers\" data-pageid=\"3\" href=\"http:\/\/16lo.tarman.pl\/index.php\/nggallery\/page\/3?p=1008\">3<\/a><a class=\"next\" data-pageid=\"2\" id=\"ngg-next-2\" href=\"http:\/\/16lo.tarman.pl\/index.php\/nggallery\/page\/2?p=1008\">&#9658;<\/a><\/div>\t<\/div>\n<\/strong><\/p>\n","protected":false},"excerpt":{"rendered":"","protected":false},"author":1,"featured_media":0,"comment_status":"closed","ping_status":"closed","sticky":false,"template":"","format":"standard","meta":{"ngg_post_thumbnail":0},"categories":[1,212],"tags":[],"_links":{"self":[{"href":"http:\/\/16lo.tarman.pl\/index.php?rest_route=\/wp\/v2\/posts\/1008"}],"collection":[{"href":"http:\/\/16lo.tarman.pl\/index.php?rest_route=\/wp\/v2\/posts"}],"about":[{"href":"http:\/\/16lo.tarman.pl\/index.php?rest_route=\/wp\/v2\/types\/post"}],"author":[{"embeddable":true,"href":"http:\/\/16lo.tarman.pl\/index.php?rest_route=\/wp\/v2\/users\/1"}],"replies":[{"embeddable":true,"href":"http:\/\/16lo.tarman.pl\/index.php?rest_route=%2Fwp%2Fv2%2Fcomments&post=1008"}],"version-history":[{"count":3,"href":"http:\/\/16lo.tarman.pl\/index.php?rest_route=\/wp\/v2\/posts\/1008\/revisions"}],"predecessor-version":[{"id":1010,"href":"http:\/\/16lo.tarman.pl\/index.php?rest_route=\/wp\/v2\/posts\/1008\/revisions\/1010"}],"wp:attachment":[{"href":"http:\/\/16lo.tarman.pl\/index.php?rest_route=%2Fwp%2Fv2%2Fmedia&parent=1008"}],"wp:term":[{"taxonomy":"category","embeddable":true,"href":"http:\/\/16lo.tarman.pl\/index.php?rest_route=%2Fwp%2Fv2%2Fcategories&post=1008"},{"taxonomy":"post_tag","embeddable":true,"href":"http:\/\/16lo.tarman.pl\/index.php?rest_route=%2Fwp%2Fv2%2Ftags&post=1008"}],"curies":[{"name":"wp","href":"https:\/\/api.w.org\/{rel}","templated":true}]}}